{"id":6567,"date":"2026-04-26T13:00:00","date_gmt":"2026-04-26T10:00:00","guid":{"rendered":"https:\/\/www.epfl.ee\/wordpress\/?p=6567"},"modified":"2026-04-25T21:58:16","modified_gmt":"2026-04-25T18:58:16","slug":"kaamera-taga-ja-seaduse-piiril-pressifotograafi-igapaevased-dilemmad","status":"publish","type":"post","link":"https:\/\/www.epfl.ee\/wordpress\/2026\/04\/26\/kaamera-taga-ja-seaduse-piiril-pressifotograafi-igapaevased-dilemmad\/","title":{"rendered":"Kaamera taga ja seaduse piiril: pressifotograafi igap\u00e4evased dilemmad"},"content":{"rendered":"\n<p>Sel neljap\u00e4eval korraldas Eesti Pressifotograafide Liit t\u00f6\u00f6toa, kus vandeadvokaat Karmen Turk avas fotograafi t\u00f6\u00f6ga seotud olulisemaid \u00f5iguslikke k\u00fcsimusi.<\/p>\n\n\n\n<!--more-->\n\n\n\n<p>Pressifotograaf tegutseb sageli avaliku huvi ja eraelu kaitse piiril \u2013 olukordades, kus otsustada tuleb kiiresti, kuid otsuste tagaj\u00e4rjed v\u00f5ivad olla \u00f5iguslikult kaaluka m\u00f5juga. P\u00f5nevas ja elulistele n\u00e4idetele tuginevas t\u00f6\u00f6toas keskendus Turk eelk\u00f5ige praktilistele teadmistele, mis aitavad oma \u00f5igusi paremini m\u00f5ista ja keerulistes olukordades kindlamalt tegutseda.<\/p>\n\n\n\n<p>Muuhulgas tuli juttu ka sellest, millal tekib fotograafil autori\u00f5igus. Isegi n\u00e4iliselt piiratud olukorras \u2013 n\u00e4iteks pressikonverentsil \u2013 s\u00fcnnib autori\u00f5igus hetkest, mil fotograaf teeb oma valikuid: kust pildistada, milline hetk tabada, kuidas kaadrit \u00fcles ehitada v\u00f5i hiljem t\u00f6\u00f6delda. Just need isiklikud otsused annavad fotole autori\u00f5igusliku kaitse.<\/p>\n\n\n\n<p>Huvitava r\u00f5huasetusena j\u00e4i k\u00f5lama, et nii fotograafil kui ka pildistataval on lisaks \u00f5igustele ka kohustused. Pressifotograafi puhul t\u00e4hendab see muu hulgas vastutust kajastada \u00fchiskonnale olulisi s\u00fcndmusi \u2013 mis v\u00f5ib viia keeruliste olukordadeni n\u00e4iteks \u00f5iguskaitseorganitega, kellel on samades situatsioonides omad \u00fclesanded ja piirangud.<\/p>\n\n\n\n<p>Pikemalt peatuti ka k\u00fcsimusel, millal v\u00f5ib tavalisest inimesest saada avaliku elu tegelane ning kas ja millist n\u00f5usolekut on sellisel juhul vaja tema pildistamiseks v\u00f5i foto avaldamiseks.<\/p>\n\n\n\n<p>T\u00f6\u00f6toas k\u00e4sitletud peamised teemad olid:<\/p>\n\n\n\n<ul class=\"wp-block-list\">\n<li>fotograafi autori\u00f5igus \u2013 kellele kuulub foto ja millised \u00f5igused j\u00e4\u00e4vad alati autorile;<\/li>\n\n\n\n<li>fotode kasutamine ja lepingud \u2013 mida t\u00f6\u00f6andja tegelikult sinu piltidega teha v\u00f5ib;<\/li>\n\n\n\n<li>inimeste pildistamine ja fotode avaldamine \u2013 avalik huvi vs eraelu kaitse;<\/li>\n\n\n\n<li>t\u00f6\u00f6 s\u00fcndmuskohal \u2013 suhted politseiga ja \u00f5igused avalikus ruumis;<\/li>\n\n\n\n<li>konfliktsituatsioonid praktikas \u2013 piltide kustutamise n\u00f5uded, vaidlused ja riskikohad;<\/li>\n\n\n\n<li>uued v\u00e4ljakutsed \u2013 droonid, andmekaitse ja muutuv meediakeskkond.<\/li>\n<\/ul>\n\n\n\n<p><\/p>\n\n\n\n<p>Salvestust vaadates saab muu hulgas teada, mida Karmen Turk arvab nn rannagaleriidest, millistesse konfliktidesse on fotograafid sattunud korrakaitseorganitega ja palju muud. Tegemist ei ole kuiva juriidilise loenguga, vaid sisuka, tempoka ja n\u00fcansirikka vestlusega.<\/p>\n\n\n\n<p>T\u00f6\u00f6tuba aitas paremini m\u00f5ista, kus jooksevad pressifotograafi t\u00f6\u00f6 piirid ja kuidas neid igap\u00e4evases praktikas arvestada.<\/p>\n\n\n\n<p>Karmen Turk (mag iur) on advokaadib\u00fcroo Triniti vandeadvokaat ja partner, kes on spetsialiseerunud tehisintellekti regulatsioonidele, inim\u00f5igustele (eelk\u00f5ige s\u00f5navabadusele ja eraelu puutumatusele), intellektuaalomandile ning meedia\u00f5igusele.<\/p>\n\n\n\n<p>Vaata Karmen Turgi koostatud t\u00e4iendavat materjali pressifotograafia ja \u00f5iguste teemal <a href=\"https:\/\/www.epfl.ee\/wordpress\/wp-content\/uploads\/2026\/04\/Karmen-Turk-pressifotograafia-ja-oigus.pdf\" data-type=\"attachment\" data-id=\"6566\" target=\"_blank\" rel=\"noreferrer noopener\">siit<\/a>.<\/p>\n\n\n\n<p>T\u00f6\u00f6toa salvestust saad j\u00e4rele vaadata Eesti Pressifotograafide Liidu YouTube\u2019i kanalilt.<\/p>\n\n\n\n<figure class=\"wp-block-embed is-type-video is-provider-youtube wp-block-embed-youtube wp-embed-aspect-16-9 wp-has-aspect-ratio\"><div class=\"wp-block-embed__wrapper\">\n<span class=\"embed-youtube\" style=\"text-align:center; display: block;\"><iframe class=\"youtube-player\" width=\"800\" height=\"450\" src=\"https:\/\/www.youtube.com\/embed\/3gZPnGy3mwo?version=3&#038;rel=1&#038;showsearch=0&#038;showinfo=1&#038;iv_load_policy=1&#038;fs=1&#038;hl=et&#038;autohide=2&#038;wmode=transparent\" allowfullscreen=\"true\" style=\"border:0;\" sandbox=\"allow-scripts allow-same-origin allow-popups allow-presentation allow-popups-to-escape-sandbox\"><\/iframe><\/span>\n<\/div><\/figure>\n\n\n\n<p>T\u00e4name: Jacoby Casual Resto ja advokaadib\u00fcroo Triniti.<\/p>\n\n\n\n<ul class=\"wp-block-list\"><\/ul>\n","protected":false},"excerpt":{"rendered":"<p>Sel neljap\u00e4eval korraldas Eesti Pressifotograafide Liit t\u00f6\u00f6toa, kus vandeadvokaat Karmen Turk avas fotograafi t\u00f6\u00f6ga seotud olulisemaid \u00f5iguslikke k\u00fcsimusi.<\/p>\n","protected":false},"author":15,"featured_media":6568,"comment_status":"closed","ping_status":"closed","sticky":false,"template":"","format":"standard","meta":{"_acf_changed":false,"_jetpack_memberships_contains_paid_content":false,"footnotes":""},"categories":[3],"tags":[73,77,70],"aasta":[],"kategooria":[],"class_list":["post-6567","post","type-post","status-publish","format-standard","has-post-thumbnail","hentry","category-uudised","tag-koolitus","tag-oigused","tag-video"],"acf":[],"jetpack_featured_media_url":"https:\/\/www.epfl.ee\/wordpress\/wp-content\/uploads\/2026\/04\/Pressifoto_tootuba_Karmen_Turk_23-04-2026-0758.jpg","jetpack_shortlink":"https:\/\/wp.me\/p3dWMc-1HV","jetpack_sharing_enabled":true,"_links":{"self":[{"href":"https:\/\/www.epfl.ee\/wordpress\/wp-json\/wp\/v2\/posts\/6567","targetHints":{"allow":["GET"]}}],"collection":[{"href":"https:\/\/www.epfl.ee\/wordpress\/wp-json\/wp\/v2\/posts"}],"about":[{"href":"https:\/\/www.epfl.ee\/wordpress\/wp-json\/wp\/v2\/types\/post"}],"author":[{"embeddable":true,"href":"https:\/\/www.epfl.ee\/wordpress\/wp-json\/wp\/v2\/users\/15"}],"replies":[{"embeddable":true,"href":"https:\/\/www.epfl.ee\/wordpress\/wp-json\/wp\/v2\/comments?post=6567"}],"version-history":[{"count":2,"href":"https:\/\/www.epfl.ee\/wordpress\/wp-json\/wp\/v2\/posts\/6567\/revisions"}],"predecessor-version":[{"id":6570,"href":"https:\/\/www.epfl.ee\/wordpress\/wp-json\/wp\/v2\/posts\/6567\/revisions\/6570"}],"wp:featuredmedia":[{"embeddable":true,"href":"https:\/\/www.epfl.ee\/wordpress\/wp-json\/wp\/v2\/media\/6568"}],"wp:attachment":[{"href":"https:\/\/www.epfl.ee\/wordpress\/wp-json\/wp\/v2\/media?parent=6567"}],"wp:term":[{"taxonomy":"category","embeddable":true,"href":"https:\/\/www.epfl.ee\/wordpress\/wp-json\/wp\/v2\/categories?post=6567"},{"taxonomy":"post_tag","embeddable":true,"href":"https:\/\/www.epfl.ee\/wordpress\/wp-json\/wp\/v2\/tags?post=6567"},{"taxonomy":"aasta","embeddable":true,"href":"https:\/\/www.epfl.ee\/wordpress\/wp-json\/wp\/v2\/aasta?post=6567"},{"taxonomy":"kategooria","embeddable":true,"href":"https:\/\/www.epfl.ee\/wordpress\/wp-json\/wp\/v2\/kategooria?post=6567"}],"curies":[{"name":"wp","href":"https:\/\/api.w.org\/{rel}","templated":true}]}}