{"id":6417,"date":"2026-01-05T13:54:42","date_gmt":"2026-01-05T11:54:42","guid":{"rendered":"https:\/\/www.epfl.ee\/wordpress\/?p=6417"},"modified":"2026-01-05T17:48:09","modified_gmt":"2026-01-05T15:48:09","slug":"aasta-pressifoto-konkursile-saabus-kokku-713-fototood","status":"publish","type":"post","link":"https:\/\/www.epfl.ee\/wordpress\/2026\/01\/05\/aasta-pressifoto-konkursile-saabus-kokku-713-fototood\/","title":{"rendered":"Aasta pressifoto konkursile saabus kokku 713 fotot\u00f6\u00f6d"},"content":{"rendered":"\n<p>Aasta pressifoto konkursile saabus kokku 713 fotot\u00f6\u00f6d, pildifaile koos fotoseeriatega esitati kokku 1011. Fotokonkursile esitas oma t\u00f6id kokku 40 erinevat autorit. Osalejate hulk on v\u00f5rreldes eelmiste aastatega j\u00e4\u00e4nud sarnaseks, esitatud fotofailide hulk pisut kasvas.<\/p>\n\n\n\n<p>Fotod kandideerivad neljas erinevas kategoorias: uudis, olemus, sport ja portree ning v\u00f5idut\u00f6\u00f6de hulgast valitakse \u201cAasta Pressifoto 2025\u201d. Pressifoto v\u00f5istluse uudise, olemuse, spordi ja portree kategooria v\u00f5itja saab diplomi ja 1000 euro (neto) suuruse preemia. \u201cAasta Pressifoto 2025\u201d v\u00f5itja saab diplomi.<\/p>\n\n\n\n<p>K\u00f5ige enam esitati t\u00f6id seekord portree kategoorias, 202 fotofaili, 197 \u00fcksikfotot ja 5 seeriat kolmek\u00fcmne seitsmelt erinevalt autorilt.&nbsp;<\/p>\n\n\n\n<p>Populaarsuselt teiseks kategooriaks on varasemalt populaarseim olemusfoto kategooria, kus esitas t\u00f6id kokku 38 erinevat autorit, fotofaile kokku 197 ja k\u00f5ige enam seeriaid, 32.&nbsp;<\/p>\n\n\n\n<p>Uudise kategoorias esitas 32 autorit kokku 184 fotofaili, neist 158 \u00fcksikfotot ja 26 seeriat.&nbsp;<\/p>\n\n\n\n<p>K\u00f5ige v\u00e4hem esitati fotosid ka sel korral spordi kategoorias, kokku 130 t\u00f6\u00f6d, neist 113 \u00fcksikfotot ja 17 seeriat kolmek\u00fcmne kahelt autorilt. Spordi kategoorias esitatud t\u00f6\u00f6de hulk oli peaaegu sama suur kui m\u00f6\u00f6dunud aastal.<\/p>\n\n\n\n<p>T\u00f6\u00f6de hindamiseks koguneb viieliikmeline \u017e\u00fcrii juba 13. jaanuaril f\u00fc\u00fcsilisel kujul Tallinnas. \u017d\u00fcrii on s\u00f5ltumatu. Eesti Pressifotograafide Liidu juhatuse liikmed ei osale ei h\u00e4\u00e4letuses ega ka valimisprotsessis ega saa kuidagi m\u00f5jutada konkursi l\u00f5plikku tulemust. Sel aastal saavad \u017e\u00fcriiliikmed samuti enne kogunemist ligip\u00e4\u00e4su fotodele, et nendega tutvuda. Infot foto\u017e\u00fcrii liikmete kohta leiad siit: <a href=\"https:\/\/www.epfl.ee\/wordpress\/2025\/12\/17\/saa-tuttavaks-2025-aasta-pressifoto-konkursi-zurii-liikmed\/\">https:\/\/www.epfl.ee\/wordpress\/2025\/12\/17\/saa-tuttavaks-2025-aasta-pressifoto-konkursi-zurii-liikmed\/<\/a><\/p>\n\n\n\n<p>Konkurss \u201eAasta pressifoto\u201d on ainus Eesti pressifoto konkurss, kus valitakse nii teravaimad uudisfotod kui ka k\u00f5nekamad portreed ja olemusfotod. Samuti on kategooria spordifotodele. Konkursi korraldajad on Eesti Pressifotograafide Liit (EPFL) ja Eesti Meediaettev\u00f5tete Liit (EML), koost\u00f6\u00f6s Canoni ja Overall Pro Shop\u2019iga.<\/p>\n\n\n\n<p>Preemia \u201cAasta Pressifoto 2025\u201d kuulutatakse v\u00e4lja ja antakse \u00fcle 20. veebruaril 2025 toimuval n\u00e4ituse avamisel Viru Keskuses. V\u00f5itjad kuulutatakse v\u00e4lja koos teise Eesti ajakirjandusauhindadega, mis saavad avalikuks \u00f5htul toimuval pressipeol.<\/p>\n\n\n\n<p>Lisainfo:<\/p>\n\n\n\n<p>Konkursi \u201cAasta Pressifoto 2025\u2033 projektijuht Helen Urbanik; helen.urbanik@epfl.ee; 517 2246.<\/p>\n","protected":false},"excerpt":{"rendered":"<p>Aasta pressifoto konkursile saabus kokku 713 fotot\u00f6\u00f6d, pildifaile koos fotoseeriatega esitati kokku 1011. Fotokonkursile esitas oma t\u00f6id kokku 40 erinevat autorit. Osalejate hulk on v\u00f5rreldes eelmiste aastatega j\u00e4\u00e4nud sarnaseks, esitatud fotofailide hulk pisut kasvas. Fotod kandideerivad neljas erinevas kategoorias: uudis, olemus, sport ja portree ning v\u00f5idut\u00f6\u00f6de hulgast valitakse \u201cAasta Pressifoto 2025\u201d. Pressifoto v\u00f5istluse uudise, olemuse, [&hellip;]<\/p>\n","protected":false},"author":15,"featured_media":6418,"comment_status":"closed","ping_status":"closed","sticky":false,"template":"","format":"standard","meta":{"_acf_changed":false,"_jetpack_memberships_contains_paid_content":false,"footnotes":""},"categories":[28,3],"tags":[],"aasta":[],"kategooria":[],"class_list":["post-6417","post","type-post","status-publish","format-standard","has-post-thumbnail","hentry","category-parimad-pressifotod","category-uudised"],"acf":[],"jetpack_featured_media_url":"https:\/\/www.epfl.ee\/wordpress\/wp-content\/uploads\/2026\/01\/2024-parimate-pressifotode-valjakuulutamine-foto-Maria-Kilk-Ohtuleht.webp","jetpack_shortlink":"https:\/\/wp.me\/p3dWMc-1Fv","jetpack_sharing_enabled":true,"_links":{"self":[{"href":"https:\/\/www.epfl.ee\/wordpress\/wp-json\/wp\/v2\/posts\/6417","targetHints":{"allow":["GET"]}}],"collection":[{"href":"https:\/\/www.epfl.ee\/wordpress\/wp-json\/wp\/v2\/posts"}],"about":[{"href":"https:\/\/www.epfl.ee\/wordpress\/wp-json\/wp\/v2\/types\/post"}],"author":[{"embeddable":true,"href":"https:\/\/www.epfl.ee\/wordpress\/wp-json\/wp\/v2\/users\/15"}],"replies":[{"embeddable":true,"href":"https:\/\/www.epfl.ee\/wordpress\/wp-json\/wp\/v2\/comments?post=6417"}],"version-history":[{"count":2,"href":"https:\/\/www.epfl.ee\/wordpress\/wp-json\/wp\/v2\/posts\/6417\/revisions"}],"predecessor-version":[{"id":6420,"href":"https:\/\/www.epfl.ee\/wordpress\/wp-json\/wp\/v2\/posts\/6417\/revisions\/6420"}],"wp:featuredmedia":[{"embeddable":true,"href":"https:\/\/www.epfl.ee\/wordpress\/wp-json\/wp\/v2\/media\/6418"}],"wp:attachment":[{"href":"https:\/\/www.epfl.ee\/wordpress\/wp-json\/wp\/v2\/media?parent=6417"}],"wp:term":[{"taxonomy":"category","embeddable":true,"href":"https:\/\/www.epfl.ee\/wordpress\/wp-json\/wp\/v2\/categories?post=6417"},{"taxonomy":"post_tag","embeddable":true,"href":"https:\/\/www.epfl.ee\/wordpress\/wp-json\/wp\/v2\/tags?post=6417"},{"taxonomy":"aasta","embeddable":true,"href":"https:\/\/www.epfl.ee\/wordpress\/wp-json\/wp\/v2\/aasta?post=6417"},{"taxonomy":"kategooria","embeddable":true,"href":"https:\/\/www.epfl.ee\/wordpress\/wp-json\/wp\/v2\/kategooria?post=6417"}],"curies":[{"name":"wp","href":"https:\/\/api.w.org\/{rel}","templated":true}]}}