{"id":4647,"date":"2020-03-07T10:01:39","date_gmt":"2020-03-07T08:01:39","guid":{"rendered":"http:\/\/epfl.local\/?p=4647"},"modified":"2026-04-14T19:47:31","modified_gmt":"2026-04-14T16:47:31","slug":"foto-ja-videozurii-kommentaarid-voidutoode-kohta","status":"publish","type":"post","link":"https:\/\/www.epfl.ee\/wordpress\/2020\/03\/07\/foto-ja-videozurii-kommentaarid-voidutoode-kohta\/","title":{"rendered":"Foto- ja video\u017e\u00fcrii kommentaarid v\u00f5idut\u00f6\u00f6de kohta"},"content":{"rendered":"<p>Avaldame nii foto kui video\u017e\u00fcrii kommentaarid v\u00f5idut\u00f6\u00f6de kohta.<\/p>\n<p><!--more--><\/p>\n<p>Foto\u017e\u00fcrii liikmed olid esimehena \u00d5htulehe peatoimetaja ja ASi \u00d5htuleht Kirjastus juhatuse liige Martin \u0160mutov, Eesti P\u00e4evalehe ja Delfi \u00fchendtoimetuse v\u00e4lisuudiste osakonna juht Kadri Veerm\u00e4e, vabakutseline loodusemees ja loodusfotograaf Urmas Tartes, v\u00e4lismaiste liikmetena olid \u017e\u00fcriis Ella Kiviniemi Soome fotograaf ja dokumentalist, kes t\u00f6\u00f6tab erinevate pikaajaliste projektide kallal nii foto- kui filmimaailmas ning Rootsist p\u00e4rit Magnus Wennman, kes on t\u00f6\u00f6tanud enam kui kaheksak\u00fcmnes riigis kajastades k\u00f5ike alates USA valimistest kuni Aafrika, Kesk- Aasia ja Euroopa pagulaskriisini. Viiekordne aasta fotoajakirjanik kategrooria laureaat on v\u00f5itnud enam kui 70 auhinda, kaasa arvatud viis korda World Press Photo konkursil erinevates kategooriates.<\/p>\n<p><span class=\"embed-youtube\" style=\"text-align:center; display: block;\"><iframe class=\"youtube-player\" width=\"800\" height=\"450\" src=\"https:\/\/www.youtube.com\/embed\/yJuc1tDNNY0?version=3&#038;rel=1&#038;showsearch=0&#038;showinfo=1&#038;iv_load_policy=1&#038;fs=1&#038;hl=et&#038;autohide=2&#038;wmode=transparent\" allowfullscreen=\"true\" style=\"border:0;\" sandbox=\"allow-scripts allow-same-origin allow-popups allow-presentation allow-popups-to-escape-sandbox\"><\/iframe><\/span><\/p>\n<p>Video\u017e\u00fcriis osalesid esimehena Eesti dokumentalist, stsenarist, filmiprodutsent ja ajaloolane Riho V\u00e4strik, Eesti Rahvusringh\u00e4\u00e4lingus Aktuaalse Kaamera toimetaja Hannes Sarv ja Delfi tegevtoimetaja Tarmo Paju.<\/p>\n<p><span class=\"embed-youtube\" style=\"text-align:center; display: block;\"><iframe class=\"youtube-player\" width=\"800\" height=\"450\" src=\"https:\/\/www.youtube.com\/embed\/SQMcgny3hnQ?version=3&#038;rel=1&#038;showsearch=0&#038;showinfo=1&#038;iv_load_policy=1&#038;fs=1&#038;hl=et&#038;autohide=2&#038;wmode=transparent\" allowfullscreen=\"true\" style=\"border:0;\" sandbox=\"allow-scripts allow-same-origin allow-popups allow-presentation allow-popups-to-escape-sandbox\"><\/iframe><\/span><\/p>\n","protected":false},"excerpt":{"rendered":"<p>Avaldame nii foto kui video\u017e\u00fcrii kommentaarid v\u00f5idut\u00f6\u00f6de kohta.<\/p>\n","protected":false},"author":8,"featured_media":4526,"comment_status":"closed","ping_status":"closed","sticky":false,"template":"","format":"standard","meta":{"_acf_changed":false,"_jetpack_memberships_contains_paid_content":false,"footnotes":""},"categories":[28,3],"tags":[],"aasta":[],"kategooria":[],"class_list":["post-4647","post","type-post","status-publish","format-standard","has-post-thumbnail","hentry","category-parimad-pressifotod","category-uudised"],"acf":[],"jetpack_featured_media_url":"https:\/\/www.epfl.ee\/wordpress\/wp-content\/uploads\/2019\/12\/epfl_fb_3.jpg","jetpack_shortlink":"https:\/\/wp.me\/p3dWMc-1cX","jetpack_sharing_enabled":true,"_links":{"self":[{"href":"https:\/\/www.epfl.ee\/wordpress\/wp-json\/wp\/v2\/posts\/4647","targetHints":{"allow":["GET"]}}],"collection":[{"href":"https:\/\/www.epfl.ee\/wordpress\/wp-json\/wp\/v2\/posts"}],"about":[{"href":"https:\/\/www.epfl.ee\/wordpress\/wp-json\/wp\/v2\/types\/post"}],"author":[{"embeddable":true,"href":"https:\/\/www.epfl.ee\/wordpress\/wp-json\/wp\/v2\/users\/8"}],"replies":[{"embeddable":true,"href":"https:\/\/www.epfl.ee\/wordpress\/wp-json\/wp\/v2\/comments?post=4647"}],"version-history":[{"count":3,"href":"https:\/\/www.epfl.ee\/wordpress\/wp-json\/wp\/v2\/posts\/4647\/revisions"}],"predecessor-version":[{"id":4651,"href":"https:\/\/www.epfl.ee\/wordpress\/wp-json\/wp\/v2\/posts\/4647\/revisions\/4651"}],"wp:featuredmedia":[{"embeddable":true,"href":"https:\/\/www.epfl.ee\/wordpress\/wp-json\/wp\/v2\/media\/4526"}],"wp:attachment":[{"href":"https:\/\/www.epfl.ee\/wordpress\/wp-json\/wp\/v2\/media?parent=4647"}],"wp:term":[{"taxonomy":"category","embeddable":true,"href":"https:\/\/www.epfl.ee\/wordpress\/wp-json\/wp\/v2\/categories?post=4647"},{"taxonomy":"post_tag","embeddable":true,"href":"https:\/\/www.epfl.ee\/wordpress\/wp-json\/wp\/v2\/tags?post=4647"},{"taxonomy":"aasta","embeddable":true,"href":"https:\/\/www.epfl.ee\/wordpress\/wp-json\/wp\/v2\/aasta?post=4647"},{"taxonomy":"kategooria","embeddable":true,"href":"https:\/\/www.epfl.ee\/wordpress\/wp-json\/wp\/v2\/kategooria?post=4647"}],"curies":[{"name":"wp","href":"https:\/\/api.w.org\/{rel}","templated":true}]}}