{"id":4605,"date":"2020-01-24T15:39:25","date_gmt":"2020-01-24T13:39:25","guid":{"rendered":"http:\/\/epfl.local\/?p=4605"},"modified":"2020-03-01T13:24:56","modified_gmt":"2020-03-01T11:24:56","slug":"maailma-pressifoto-naitus-2019-jouab-oma-umberilmareisil-tallinnasse","status":"publish","type":"post","link":"https:\/\/www.epfl.ee\/wordpress\/2020\/01\/24\/maailma-pressifoto-naitus-2019-jouab-oma-umberilmareisil-tallinnasse\/","title":{"rendered":"MAAILMA PRESSIFOTO N\u00c4ITUS 2019 J\u00d5UDIS OMA \u00dcMBERILMAREISIL TALLINNASSE\u00a0"},"content":{"rendered":"<p>Maailma tipptasemel fotoajakirjandus j\u00f5udis taas k\u00f5igi Eesti huvilisteni, kui 11.\u201329. veebruarini saab Tallinnas Balti jaama ootepaviljonis vaadata maailma pressifoto n\u00e4itust 2019, kus on v\u00e4ljas l\u00e4inud aasta maailma pressifoto konkursi parimad t\u00f6\u00f6d. N\u00e4itus on avatud Balti jaama ootepaviljonis E-P 12-18.<\/p>\n<p><!--more--><\/p>\n<p>N\u00e4ituse toob Tallinnasse Madalmaade Kuningriigi suursaatkond Eestis koost\u00f6\u00f6s Eesti Pressifotograafide Liidu (EPFL), Overall Eesti ASi, AS GO Groupi ja Postimehega. Tegu on j\u00e4tkuga edukale maailma pressifoto n\u00e4itusele Tallinnas 2018. aasta juulis.<\/p>\n<p>N\u00e4ituse avavad\u00a0 ametlikult Hollandi Kuningriigi suursaadik Eestis Karen van Stegeren ja Maailma Pressifoto Sihtasutuse esindaja Sanne Schim van der Loeff.<\/p>\n<p>\u00dcle kuue aastak\u00fcmne on Maailma Pressifoto Sihtasutus (World Press Photo) tegutsenud oma kodulinnas Amsterdamis s\u00f5ltumatu mittetulundus\u00fchinguna. N\u00fc\u00fcdseks on Maailma Pressifoto Sihtasutus lisaks sellele, et korraldab maailma k\u00f5ige mainekamat fotoajakirjanduse konkurssi, ka kogu maailma ulatuslikema foton\u00e4ituse eestvedaja ning pakub suurt valikut sellega seotud tegevusi. Igal aastal toimuv maailma pressifoto n\u00e4itus annab huvilistele v\u00f5imaluse nautida eelnenud aasta parimaid fotoajakirjandussaavutusi. N\u00e4itus stardib iga aasta aprillis Amsterdamist, et suunduda sealt edasi \u00fcmbermaailmareisile.<\/p>\n<p>Sel korral esitasid 4738 fotograafi 129 riigist maailma pressifoto konkursile 78 801 pilti. Juhtivatest fotoasjatundjatest koosnev s\u00f5ltumatu \u017e\u00fcrii valis v\u00e4lja v\u00f5idut\u00f6\u00f6d, mis jutustavad t\u00f5eliselt olulisi lugusid. 2019. aasta pressifoto konkursi nominentide seas on 43 fotograafi 25 riigist: Austraaliast, Belgiast, Brasiiliast, Kanadast, T\u0161ehhist, Egiptusest, Prantsusmaalt, Saksamaalt, Ungarist, Iraanist, Itaaliast, Mehhikost, Hollandist, Norrast, Filipiinidelt, Portugalist, Venemaalt, L\u00f5una-Aafrika Vabariigist, Hispaaniast, Rootsist, S\u00fc\u00fcriast, T\u00fcrgist, \u00dchendkuningriigist, Ameerika \u00dchendriikidest ja Venezuelast. Nominentidest 14 ehk 32 protsenti on naised, mida on m\u00e4rksa rohkem kui veel 2018. aastal, kuid naisfotograafe oli tunnustatute seas 12 protsenti.<\/p>\n<p>S\u00f5ltumatus \u017e\u00fcrii valis maailma aasta pressifoto auhinnale kandideerinute l\u00fchinimekirja kuus pilti: Mohammed Badra (S\u00fc\u00fcria) foto pealkirjaga \u201eV\u00e4idetava gaasir\u00fcnnaku ohvrid Ida-Ghoutas abi saamas\u201c; keskkonnafotode kategoorias Marco Gualazzini (Itaalia) pildi \u201eAlma\u017eiiri poiss\u201c; n\u00fc\u00fcdisaegsete teemade kategoorias Catalina Martin-Chico (Prantsusmaa\/Hispaania) t\u00f6\u00f6 \u201eRasedus p\u00e4rast FARCi lapsesaamise keelu l\u00f5ppu\u201c; uudisfoto kategoorias Chris McGrathi (Austraalia) pildi \u201eJamal Khashoggi kadumine\u201c; s\u00fcndmusfoto kategoorias John Moore\u2019i (Ameerika \u00dchendriigid) t\u00f6\u00f6 \u201eNuttev t\u00fcdruk piiril\u201c; keskkonnafotode kategoorias Brent Stirtoni (L\u00f5una-Aafrika Vabariik) pildi \u201eAkashinga \u2013 vaprad naised\u201c.<\/p>\n<p><strong>Liitu Instagramis v\u00f5i Facebookis fotokonkursiga \u201eMinu aasta foto\u201c! <\/strong><\/p>\n<p>Madalmaade Kuningriigi suursaatkond, Overall Eesti, EPFL ja Postimees korraldavad fotokonkursi \u201eMinu aasta foto\u201c. See on saanud t\u00f5uke maailma pressifoto konkursi p\u00fc\u00fcdlusest viia inimesed lugudeni, mis on olulised, aga ka maailma pressivabaduse konverentsist, mida \u00fcheskoos korraldavad 22.\u201324. aprillil Haagis Madalmaad ja UNESCO.<\/p>\n<p><strong>Kuidas konkursil osaleda?<br \/>\n<\/strong>Tee pilt, mis on sinu aasta foto. Pane kirja l\u00fchike lugu: mida see pilt t\u00e4hendab sinu jaoks ning miks see on oluline? Postita see oma Facebooki v\u00f5i Instagrami kontole, kasutades j\u00e4rgnevaid m\u00e4rks\u00f5nu: #WPPh2019 #worldpressphototallinn2019<\/p>\n<p>Konkurss toimub 11.\u201327. veebruaril 2020 osana maailma pressifoto n\u00e4itusest. Iga p\u00e4ev valitakse v\u00e4lja \u00fcks v\u00f5idupilt, mis postitatakse ka Madalmaade Kuningriigi suursaatkonna Facebooki-lehele. K\u00f5igi p\u00e4eva parimate fotode seast valib konkursi korraldajatest koosnev \u017e\u00fcrii 28. veebruaril 2020 v\u00e4lja \u00fcldv\u00f5itja.<\/p>\n<p><strong>Konkursil saab osaleda kuni 27. veebruarini ning v\u00f5itja saab auhinnaks Canoni kaamera!<\/strong><\/p>\n<p>Lisainfo n\u00e4ituse ja fotokonkursi kohta:<\/p>\n<p><strong>Madalmaade kuningriigi suursaatkond Eestis<\/strong><br \/>\nIris de Groot \u2013 saatkonna asejuht<br \/>\nTelefon: (+372) 55521202<br \/>\nE-post: <a href=\"mailto:itw-de.groot@minbuza.nl\">itw-de.groot@minbuza.nl<\/a><br \/>\nVeebilehek\u00fclg: <a href=\"https:\/\/www.netherlandsandyou.nl\/your-country-and-the-netherlands\/estonia\">https:\/\/www.netherlandsandyou.nl\/your-country-and-the-netherlands\/estonia<\/a><\/p>\n<p><strong>Eesti Pressifotograafide Liit<\/strong><br \/>\nLiis Treimann- EPFL juht<br \/>\nTelefon: (+372) 5128374<br \/>\nE-post: <a href=\"mailto:liis@epfl.local\">liis@epfl.local<\/a><br \/>\nVeebilehek\u00fclg: epfl.ee<\/p>\n","protected":false},"excerpt":{"rendered":"<p>Maailma tipptasemel fotoajakirjandus j\u00f5udis taas k\u00f5igi Eesti huvilisteni, kui 11.\u201329. veebruarini saab Tallinnas Balti jaama ootepaviljonis vaadata maailma pressifoto n\u00e4itust 2019, kus on v\u00e4ljas l\u00e4inud aasta maailma pressifoto konkursi parimad t\u00f6\u00f6d. N\u00e4itus on avatud Balti jaama ootepaviljonis E-P 12-18.<\/p>\n","protected":false},"author":8,"featured_media":4632,"comment_status":"closed","ping_status":"closed","sticky":false,"template":"","format":"standard","meta":{"_acf_changed":false,"_jetpack_memberships_contains_paid_content":false,"footnotes":""},"categories":[3],"tags":[],"aasta":[],"kategooria":[],"class_list":["post-4605","post","type-post","status-publish","format-standard","has-post-thumbnail","hentry","category-uudised"],"acf":[],"jetpack_featured_media_url":"https:\/\/www.epfl.ee\/wordpress\/wp-content\/uploads\/2020\/01\/WPF_insta_1200x1200-flamingo.jpg","jetpack_shortlink":"https:\/\/wp.me\/p3dWMc-1ch","jetpack_sharing_enabled":true,"_links":{"self":[{"href":"https:\/\/www.epfl.ee\/wordpress\/wp-json\/wp\/v2\/posts\/4605","targetHints":{"allow":["GET"]}}],"collection":[{"href":"https:\/\/www.epfl.ee\/wordpress\/wp-json\/wp\/v2\/posts"}],"about":[{"href":"https:\/\/www.epfl.ee\/wordpress\/wp-json\/wp\/v2\/types\/post"}],"author":[{"embeddable":true,"href":"https:\/\/www.epfl.ee\/wordpress\/wp-json\/wp\/v2\/users\/8"}],"replies":[{"embeddable":true,"href":"https:\/\/www.epfl.ee\/wordpress\/wp-json\/wp\/v2\/comments?post=4605"}],"version-history":[{"count":4,"href":"https:\/\/www.epfl.ee\/wordpress\/wp-json\/wp\/v2\/posts\/4605\/revisions"}],"predecessor-version":[{"id":4617,"href":"https:\/\/www.epfl.ee\/wordpress\/wp-json\/wp\/v2\/posts\/4605\/revisions\/4617"}],"wp:featuredmedia":[{"embeddable":true,"href":"https:\/\/www.epfl.ee\/wordpress\/wp-json\/wp\/v2\/media\/4632"}],"wp:attachment":[{"href":"https:\/\/www.epfl.ee\/wordpress\/wp-json\/wp\/v2\/media?parent=4605"}],"wp:term":[{"taxonomy":"category","embeddable":true,"href":"https:\/\/www.epfl.ee\/wordpress\/wp-json\/wp\/v2\/categories?post=4605"},{"taxonomy":"post_tag","embeddable":true,"href":"https:\/\/www.epfl.ee\/wordpress\/wp-json\/wp\/v2\/tags?post=4605"},{"taxonomy":"aasta","embeddable":true,"href":"https:\/\/www.epfl.ee\/wordpress\/wp-json\/wp\/v2\/aasta?post=4605"},{"taxonomy":"kategooria","embeddable":true,"href":"https:\/\/www.epfl.ee\/wordpress\/wp-json\/wp\/v2\/kategooria?post=4605"}],"curies":[{"name":"wp","href":"https:\/\/api.w.org\/{rel}","templated":true}]}}