{"id":3852,"date":"2018-01-17T16:46:38","date_gmt":"2018-01-17T14:46:38","guid":{"rendered":"http:\/\/epfl.local\/?p=3852"},"modified":"2018-12-14T09:14:37","modified_gmt":"2018-12-14T07:14:37","slug":"aasta-pressivideo-2017-konkursi-zurii-kommetaarid","status":"publish","type":"post","link":"https:\/\/www.epfl.ee\/wordpress\/2018\/01\/17\/aasta-pressivideo-2017-konkursi-zurii-kommetaarid\/","title":{"rendered":"AASTA PRESSIVIDEO 2017 KONKURSI Z\u00dcRII KOMMETAARID"},"content":{"rendered":"<p>\u017d\u00fcrii nentis, et tase oli \u00fchtlane aga \u00fchtlaselt keskp\u00e4rane. \u201cMa olen natukene \u00fcllatunud, negatiivses m\u00f5ttes. V\u00e4ike seisak on toimunud\u201d, kommenteeris \u017e\u00fcrii esimees Balti Filmi- ja Meediakooli dotsent ja saatejuht Indrek Treufeldt.<!--more--> Sama kinnitas ka \u017e\u00fcrii liige ERR.ee portaalide esik\u00fclgede vastutav toimetaja Mirjam M\u00e4ekivi. Suuri \u00fcllatusi ja videosid, mis oleks tekitanud koheselt \u201cvau- efekti\u201d see aasta ei olnud.\u00a0Mirjam M\u00e4ekivit \u00fcllatas, et palju oli esitatud olemuslikke videosid ja v\u00e4he uudisklippe, kuigi just neid oleks rohkem oodanud.\u00a0\u017d\u00fcrii liige Kassikuld O\u00dc produtsent- re\u017eiss\u00f6\u00f6r Ergo Kuld r\u00f5hutas, et rohkem v\u00f5iks oma lugusid toimetada, julgemalt monteerida, l\u00f5igata ning rohkem m\u00f5elda sellele, mida autor selle looga \u00f6elda tahab, \u201cLool v\u00f5iks olla mingi moraal v\u00f5i mingi s\u00fcgavam teema\u201d.\u00a0\u017d\u00fcrii nentis, et palju oli esitatud pikk videolugusid, kus olid k\u00fcll v\u00e4ga ilusad plaanid aga lugu ise ei viinud l\u00f5puks kuhugile.<\/p>\n<p>Konkursile saadeti nii klassikalisi videoid uudistes\u00fcndmustest, reportaa\u017ee ning ka olemuslugusid. T\u00f6id esitasid nii online v\u00e4ljaannete toimetusted aga ka \u00fcleriigilistes v\u00e4ljaannetes t\u00f6\u00f6tavad foto- ja videoreporterid ning maakonnalehtede v\u00e4ljannete t\u00f6\u00f6tajad.\u00a0Z\u00fcriis osalesid esimehena Balti Filmi- ja Meediakooli dotsent ja saatejuht Indrek Treufeldt, ERR.ee portaalide esik\u00fclgede vastutav toimetaja Mirjam M\u00e4ekivi ning Kassikuld O\u00dc produtsent- re\u017eiss\u00f6\u00f6r Ergo Kuld.<\/p>\n<p>Konkurss \u201cAasta pressivideo 2017\u201d toimus t\u00e4navu neljandat korda ning v\u00f5itja kuulutataske v\u00e4lja ja preemia antakse \u00fcle m\u00e4rtsi alguses toimuval pressiballil.<\/p>\n<p>Vaata videost pikemalt \u017e\u00fcrii kommentaare.<\/p>\n<p><span class=\"embed-youtube\" style=\"text-align:center; display: block;\"><iframe class=\"youtube-player\" width=\"800\" height=\"450\" src=\"https:\/\/www.youtube.com\/embed\/-CyL_y2V_bE?version=3&#038;rel=1&#038;showsearch=0&#038;showinfo=1&#038;iv_load_policy=1&#038;fs=1&#038;hl=et&#038;autohide=2&#038;wmode=transparent\" allowfullscreen=\"true\" style=\"border:0;\" sandbox=\"allow-scripts allow-same-origin allow-popups allow-presentation allow-popups-to-escape-sandbox\"><\/iframe><\/span><\/p>\n","protected":false},"excerpt":{"rendered":"<p>\u017d\u00fcrii nentis, et tase oli \u00fchtlane aga \u00fchtlaselt keskp\u00e4rane. \u201cMa olen natukene \u00fcllatunud, negatiivses m\u00f5ttes. V\u00e4ike seisak on toimunud\u201d, kommenteeris \u017e\u00fcrii esimees Balti Filmi- ja Meediakooli dotsent ja saatejuht Indrek Treufeldt.<\/p>\n","protected":false},"author":8,"featured_media":3853,"comment_status":"closed","ping_status":"closed","sticky":false,"template":"","format":"standard","meta":{"_acf_changed":false,"_jetpack_memberships_contains_paid_content":false,"footnotes":""},"categories":[3],"tags":[],"aasta":[],"kategooria":[],"class_list":["post-3852","post","type-post","status-publish","format-standard","has-post-thumbnail","hentry","category-uudised"],"acf":[],"jetpack_featured_media_url":"https:\/\/www.epfl.ee\/wordpress\/wp-content\/uploads\/2018\/01\/Sequence-01.00_00_08_19.Still001.jpg","jetpack_shortlink":"https:\/\/wp.me\/p3dWMc-108","jetpack_sharing_enabled":true,"_links":{"self":[{"href":"https:\/\/www.epfl.ee\/wordpress\/wp-json\/wp\/v2\/posts\/3852","targetHints":{"allow":["GET"]}}],"collection":[{"href":"https:\/\/www.epfl.ee\/wordpress\/wp-json\/wp\/v2\/posts"}],"about":[{"href":"https:\/\/www.epfl.ee\/wordpress\/wp-json\/wp\/v2\/types\/post"}],"author":[{"embeddable":true,"href":"https:\/\/www.epfl.ee\/wordpress\/wp-json\/wp\/v2\/users\/8"}],"replies":[{"embeddable":true,"href":"https:\/\/www.epfl.ee\/wordpress\/wp-json\/wp\/v2\/comments?post=3852"}],"version-history":[{"count":3,"href":"https:\/\/www.epfl.ee\/wordpress\/wp-json\/wp\/v2\/posts\/3852\/revisions"}],"predecessor-version":[{"id":4114,"href":"https:\/\/www.epfl.ee\/wordpress\/wp-json\/wp\/v2\/posts\/3852\/revisions\/4114"}],"wp:featuredmedia":[{"embeddable":true,"href":"https:\/\/www.epfl.ee\/wordpress\/wp-json\/wp\/v2\/media\/3853"}],"wp:attachment":[{"href":"https:\/\/www.epfl.ee\/wordpress\/wp-json\/wp\/v2\/media?parent=3852"}],"wp:term":[{"taxonomy":"category","embeddable":true,"href":"https:\/\/www.epfl.ee\/wordpress\/wp-json\/wp\/v2\/categories?post=3852"},{"taxonomy":"post_tag","embeddable":true,"href":"https:\/\/www.epfl.ee\/wordpress\/wp-json\/wp\/v2\/tags?post=3852"},{"taxonomy":"aasta","embeddable":true,"href":"https:\/\/www.epfl.ee\/wordpress\/wp-json\/wp\/v2\/aasta?post=3852"},{"taxonomy":"kategooria","embeddable":true,"href":"https:\/\/www.epfl.ee\/wordpress\/wp-json\/wp\/v2\/kategooria?post=3852"}],"curies":[{"name":"wp","href":"https:\/\/api.w.org\/{rel}","templated":true}]}}