{"id":3057,"date":"2016-02-12T19:01:42","date_gmt":"2016-02-12T17:01:42","guid":{"rendered":"http:\/\/epfl.local\/?p=3057"},"modified":"2018-12-14T09:14:38","modified_gmt":"2018-12-14T07:14:38","slug":"aasta-pressivideo-2015-nominendid-on-selgunud","status":"publish","type":"post","link":"https:\/\/www.epfl.ee\/wordpress\/2016\/02\/12\/aasta-pressivideo-2015-nominendid-on-selgunud\/","title":{"rendered":"Aasta pressivideo 2015 nominendid on selgunud!"},"content":{"rendered":"<p>\u201eAasta pressivideo 2015\u201d konkursi raames valiti kuuek\u00fcmne t\u00f6\u00f6 hulgast v\u00e4lja kolm nominenti<\/p>\n<p>\u201eAasta pressivideo 2015\u201d \u00a0konkursi nominendid on Postimehe videolugu &#8220;Strippari t\u00f6ine \u00f6\u00f6&#8221;, mille autorid on Jaanus Lensment ja Verni Leivak , Delfi mullune vabariigi aastap\u00e4evale p\u00fchendatud projekt \u201c\u00dcks Eesti, \u00fcks t\u00f6\u00f6, \u00fcks riik\u201d, mille autorid on Taavi Arus ja Krister Paris, ja Tiit Blaadi ja Kairi Printsi videolugu Lasnam\u00e4el puu otsas elavast mehest.<\/p>\n<p>Konkursi \u017e\u00fcrii esimehe Balti Filmi- ja Meediakooli dotsent ja saatejuht Indrek Trefudelti s\u00f5nul on v\u00f5rredes eelmise aastaga tehniline tase kindlasti k\u00f5rvasti paranud. Miinuspoolelt toob Treufelt v\u00e4lja oskamatuse teksti \u00f5igesti kasutada.<\/p>\n<p>\u201cS\u00f5na ja pildi vahekord vajab klaarimist: ajakirjanik peab s\u00f5na pildist t\u00e4htsamaks ja see muutub segavaks faktoris. On n\u00e4ha, et paljudel tiimidel on kiusatus s\u00f5nakeskselt l\u00e4heneda,\u201d kommenteeris Treufeldt. &#8220;Aegajalt tekkis lugusid vaadates tunne, et pildikeelele ei anta ruumi ja tahaks \u00f6elda, et kui seda ajakirjanikku ees ei oleks\u2026\u201d<\/p>\n<p>\u201cMontaa\u017eioskus on k\u00f5vasti paranenud ja on n\u00e4ha, et autoritel tekib kogemus ja stilistikataju, osatakse pilti kasutada.\u201d<\/p>\n<p>Z\u00fcriis osales onlinetoimetuse esindajana Delfi tegevtoimetaja Tarmo Paju. Visuaalse teksti anal\u00fc\u00fcsil andis oma panuse pildikeelt hinnates ETV ja uudistesaate \u201cAktuaalne kaamera\u201d vanemoperaator Tauno Peit.<\/p>\n<p>Konkursile saadeti nii klassikalisi videoid uudistes\u00fcndmustest, reportaa\u017ee ning ka olemuslugusid. T\u00f6id esitasid nii online v\u00e4ljaannete toimetusted aga ka \u00fcleriigilistes v\u00e4ljaannetes t\u00f6\u00f6tavad foto- ja videoreporterid ning maakonnalehtede v\u00e4ljannete t\u00f6\u00f6tajad.<\/p>\n<p>Konkurss \u201cAasta pressivideo\u201d toimus t\u00e4navu teist korda ning preemia parimale antakse \u00fcle 4.m\u00e4rtsil toimuval pressiballil.<\/p>\n<p>Nominendid:<\/p>\n<p><span class=\"embed-youtube\" style=\"text-align:center; display: block;\"><iframe class=\"youtube-player\" width=\"800\" height=\"450\" src=\"https:\/\/www.youtube.com\/embed\/ZMcJRUeRZys?version=3&#038;rel=1&#038;showsearch=0&#038;showinfo=1&#038;iv_load_policy=1&#038;fs=1&#038;hl=et&#038;autohide=2&#038;wmode=transparent\" allowfullscreen=\"true\" style=\"border:0;\" sandbox=\"allow-scripts allow-same-origin allow-popups allow-presentation allow-popups-to-escape-sandbox\"><\/iframe><\/span><\/p>\n<p>Jaanus Lensment\/Postimees<\/p>\n<p>Strippari t\u00f6ine \u00f6\u00f6<\/p>\n<p>Naistep\u00e4eva\u00f6\u00f6 t\u00e4hendas Eesti tuntuimale stripparile Marco Tasasele pingelist t\u00f6\u00f6graafikut. Arter v\u00e4isas temaga kaht esinemispaika \u2013 erapidu Tallinnas ja avalikku etteastet Alavere pubis Harjumaal.<\/p>\n<p><span class=\"embed-youtube\" style=\"text-align:center; display: block;\"><iframe class=\"youtube-player\" width=\"800\" height=\"450\" src=\"https:\/\/www.youtube.com\/embed\/Nm3B2vk3BTU?version=3&#038;rel=1&#038;showsearch=0&#038;showinfo=1&#038;iv_load_policy=1&#038;fs=1&#038;hl=et&#038;autohide=2&#038;wmode=transparent\" allowfullscreen=\"true\" style=\"border:0;\" sandbox=\"allow-scripts allow-same-origin allow-popups allow-presentation allow-popups-to-escape-sandbox\"><\/iframe><\/span><\/p>\n<p>Taavi Arus\/Delfi, Krister Paris\/Delfi<\/p>\n<p>&#8220;\u00dcks t\u00f6\u00f6, \u00fcks riik, \u00fcks rahvas&#8221;: politseinikud Risto ja Arina<\/p>\n<p>Video oli osa Eesti Vabariigi 97. s\u00fcnnip\u00e4eva puhul Delfis ilmunud videolugude seeriast &#8220;\u00dcks t\u00f6\u00f6, \u00fcks riik, \u00fcks rahvas&#8221;, kus Taavi Arus ning toimetaja Krister Paris portreteerisid eri rahvustes Eesti inimesi, kes igap\u00e4evastes tegemistes k\u00e4sik\u00e4es t\u00f6\u00f6tavad v\u00f5i elavad.<\/p>\n<p><span class=\"embed-youtube\" style=\"text-align:center; display: block;\"><iframe class=\"youtube-player\" width=\"800\" height=\"450\" src=\"https:\/\/www.youtube.com\/embed\/nOckoE02qmA?version=3&#038;rel=1&#038;showsearch=0&#038;showinfo=1&#038;iv_load_policy=1&#038;fs=1&#038;hl=et&#038;autohide=2&#038;wmode=transparent\" allowfullscreen=\"true\" style=\"border:0;\" sandbox=\"allow-scripts allow-same-origin allow-popups allow-presentation allow-popups-to-escape-sandbox\"><\/iframe><\/span><\/p>\n<p>Tiit Blaat\/Delfi, Kairi Prints\/Delfi<\/p>\n<p>Nikolai, Lasnam\u00e4e \u00fcrgmees<\/p>\n<p>Nikolai on 76-aastane Lasnam\u00e4el elav mees, kes elab nii, nagu ta ise tahab. Ta askeldab p\u00e4evad l\u00e4bi oma p\u00f5nevaid asju t\u00e4is majas ja aias ning \u00f6\u00f6sel magab puu otsas. Tema m\u00e4lestused on kirkad ja ta jutustab need elavaks, vahele deklameerib peast vene luulet ning vanu palveid.<\/p>\n<p>Video\u017e\u00fcrii esimehe Indrek Treufeldti kommentaar:<\/p>\n<p><span class=\"embed-youtube\" style=\"text-align:center; display: block;\"><iframe class=\"youtube-player\" width=\"800\" height=\"450\" src=\"https:\/\/www.youtube.com\/embed\/yB2UcoNZbNc?version=3&#038;rel=1&#038;showsearch=0&#038;showinfo=1&#038;iv_load_policy=1&#038;fs=1&#038;hl=et&#038;autohide=2&#038;wmode=transparent\" allowfullscreen=\"true\" style=\"border:0;\" sandbox=\"allow-scripts allow-same-origin allow-popups allow-presentation allow-popups-to-escape-sandbox\"><\/iframe><\/span><\/p>\n<p>&nbsp;<\/p>\n<p>Kontaktid:<br \/>\nKonkursi \u201cAasta Pressifoto 2015\u2033 projektijuht Ester Vaitmaa, ester.vaitmaa@delfi.ee (56929928)<br \/>\nEesti Ajalehtede Liit, Maige Pr\u00f6\u00f6m: 646 1005, eall@eall.ee<\/p>\n<p>&nbsp;<\/p>\n","protected":false},"excerpt":{"rendered":"<p>\u201eAasta pressivideo 2015\u201d konkursi raames valiti kuuek\u00fcmne t\u00f6\u00f6 hulgast v\u00e4lja kolm nominenti \u201eAasta pressivideo 2015\u201d \u00a0konkursi nominendid on Postimehe videolugu &#8220;Strippari t\u00f6ine \u00f6\u00f6&#8221;, mille autorid on Jaanus Lensment ja Verni Leivak , Delfi mullune vabariigi aastap\u00e4evale p\u00fchendatud projekt \u201c\u00dcks Eesti, \u00fcks t\u00f6\u00f6, \u00fcks riik\u201d, mille autorid on Taavi Arus ja Krister Paris, ja Tiit Blaadi [&hellip;]<\/p>\n","protected":false},"author":8,"featured_media":3070,"comment_status":"closed","ping_status":"open","sticky":false,"template":"","format":"standard","meta":{"_acf_changed":false,"_jetpack_memberships_contains_paid_content":false,"footnotes":""},"categories":[3],"tags":[],"aasta":[],"kategooria":[],"class_list":["post-3057","post","type-post","status-publish","format-standard","has-post-thumbnail","hentry","category-uudised"],"acf":[],"jetpack_featured_media_url":"https:\/\/www.epfl.ee\/wordpress\/wp-content\/uploads\/2016\/02\/pressivideo.jpg","jetpack_shortlink":"https:\/\/wp.me\/p3dWMc-Nj","jetpack_sharing_enabled":true,"_links":{"self":[{"href":"https:\/\/www.epfl.ee\/wordpress\/wp-json\/wp\/v2\/posts\/3057","targetHints":{"allow":["GET"]}}],"collection":[{"href":"https:\/\/www.epfl.ee\/wordpress\/wp-json\/wp\/v2\/posts"}],"about":[{"href":"https:\/\/www.epfl.ee\/wordpress\/wp-json\/wp\/v2\/types\/post"}],"author":[{"embeddable":true,"href":"https:\/\/www.epfl.ee\/wordpress\/wp-json\/wp\/v2\/users\/8"}],"replies":[{"embeddable":true,"href":"https:\/\/www.epfl.ee\/wordpress\/wp-json\/wp\/v2\/comments?post=3057"}],"version-history":[{"count":22,"href":"https:\/\/www.epfl.ee\/wordpress\/wp-json\/wp\/v2\/posts\/3057\/revisions"}],"predecessor-version":[{"id":3321,"href":"https:\/\/www.epfl.ee\/wordpress\/wp-json\/wp\/v2\/posts\/3057\/revisions\/3321"}],"wp:featuredmedia":[{"embeddable":true,"href":"https:\/\/www.epfl.ee\/wordpress\/wp-json\/wp\/v2\/media\/3070"}],"wp:attachment":[{"href":"https:\/\/www.epfl.ee\/wordpress\/wp-json\/wp\/v2\/media?parent=3057"}],"wp:term":[{"taxonomy":"category","embeddable":true,"href":"https:\/\/www.epfl.ee\/wordpress\/wp-json\/wp\/v2\/categories?post=3057"},{"taxonomy":"post_tag","embeddable":true,"href":"https:\/\/www.epfl.ee\/wordpress\/wp-json\/wp\/v2\/tags?post=3057"},{"taxonomy":"aasta","embeddable":true,"href":"https:\/\/www.epfl.ee\/wordpress\/wp-json\/wp\/v2\/aasta?post=3057"},{"taxonomy":"kategooria","embeddable":true,"href":"https:\/\/www.epfl.ee\/wordpress\/wp-json\/wp\/v2\/kategooria?post=3057"}],"curies":[{"name":"wp","href":"https:\/\/api.w.org\/{rel}","templated":true}]}}