{"id":2078,"date":"2014-01-10T22:17:58","date_gmt":"2014-01-10T20:17:58","guid":{"rendered":"http:\/\/epfl.local\/?p=2078"},"modified":"2019-11-03T17:53:19","modified_gmt":"2019-11-03T15:53:19","slug":"2013-aasta-parimad-pressifotod","status":"publish","type":"post","link":"https:\/\/www.epfl.ee\/wordpress\/2014\/01\/10\/2013-aasta-parimad-pressifotod\/","title":{"rendered":"2013. aasta parimad pressifotod"},"content":{"rendered":"<p>10. jaanuar 2014<\/p>\n<p>Selgusid 2013. aasta parimad pressifotod.<!--more--><\/p>\n<p>Eesti Ajalehtede Liidu (EALL), Eesti Pressifotograafide Liidu (EPFL), Canoni ja Overalli \u017e\u00fcrii valis 1209 foto seast 2013. aasta Aasta Pressifoto ning parima uudis-, olemus-, spordi- ja portreefoto.<\/p>\n<p>\u017d\u00fcriisse kuulusid Maalehe tegevtoimetaja Tiina Reinart (\u017e\u00fcrii esimees), vabakutseline pressifotograaf Toomas Volmer, Soome Aasta Pressifotograaf 2011 Touko Hujanen ja Leedu Fotograafide \u00dchingu esimees Jonas Staselis.<\/p>\n<p>Konkursile laekus 1209 pilti 70 autorilt. Sealhulgas uudisfotode kategoorias 137 \u00fcksikt\u00f6\u00f6d ja 33 reportaa\u017ei, olemusfoto kategoorias 155 \u00fcksikt\u00f6\u00f6d ja 42 lugu, spordifoto kategoorias 105 \u00fcksikt\u00f6\u00f6d ja 18 lugu ning portreede kategoorias 127 \u00fcksikt\u00f6\u00f6d ja 13 lugu.<\/p>\n<p>Kategooriate l\u00f5ikes v\u00f5itnud t\u00f6\u00f6de hulgast valis \u017e\u00fcrii omakorda parima t\u00f6\u00f6, mis p\u00e4lvis tiitli \u201eAasta Pressifoto 2013\u201c.<\/p>\n<p>\u017d\u00fcrii avalikustas t\u00e4na nominendid. V\u00f5itjad tehakse teatavaks EALLi korraldataval pressipeol 28. veebruaril.<\/p>\n<p>Vaata ja kuula \u017e\u00fcriiliikmete kommentaare. \u017d\u00fcrii esimehe p\u00f5hjalikum kokkuv\u00f5te ilmub raamatus Eesti Pressifoto 2014.<br \/>\n<iframe src=\"\/\/www.youtube.com\/embed\/_FBHnm-epvI\" width=\"560\" height=\"315\" frameborder=\"0\" allowfullscreen=\"allowfullscreen\"><\/iframe><\/p>\n<p>Iga kategooria v\u00f5itja saab diplomi ja 640 euro (neto) suuruse preemia. \u201eAasta Pressifoto 2013\u201c autor p\u00e4lvib lisaks veel 640 euro (neto) suuruse preemia.<\/p>\n<p>Lugupeetud meediav\u00e4ljaannete esindajad!<br \/>\nK\u00f5ik nomineeritud t\u00f6\u00f6d on Aasta Pressifoto 2013 k\u00e4sitlevate uudiste juures vabalt kasutatavad. Kohustuslik on avaldada pildiallkirjad ja viited foto autoritele koos autori poolt esindatava v\u00e4ljaande v\u00f5i meediaagentuuri nimega.<\/p>\n<p>______________________________<\/p>\n<p><strong>Aasta pressifoto 2013 nominendid<\/strong><\/p>\n<p>&nbsp;<\/p>\n<p><strong>UUDIS<\/strong><\/p>\n<figure id=\"attachment_2085\" aria-describedby=\"caption-attachment-2085\" style=\"width: 3000px\" class=\"wp-caption alignleft\"><a href=\"https:\/\/www.epfl.ee\/wordpress\/wp-content\/uploads\/2014\/01\/Sander-Ilvest-2af299a47bd247c58b90468ae65ca9fd-46602d43618048d2896c0647be4880e4.jpg\"><img fetchpriority=\"high\" decoding=\"async\" class=\"wp-image-2085 size-full\" src=\"https:\/\/www.epfl.ee\/wordpress\/wp-content\/uploads\/2014\/01\/Sander-Ilvest-2af299a47bd247c58b90468ae65ca9fd-46602d43618048d2896c0647be4880e4.jpg\" alt=\"Sander Ilvest \" width=\"3000\" height=\"2000\" \/><\/a><figcaption id=\"caption-attachment-2085\" class=\"wp-caption-text\"><strong>SANDER ILVEST (Saarte H\u00e4\u00e4l): Enam pole midagi teha<\/strong><br \/>Septembril l\u00f5pus kutsuti Saaremaa p\u00e4\u00e4stjad Salmele, Suurna k\u00fclla. P\u00e4\u00e4stjate kohale j\u00f5udes oli suvila lausleekides. Kohe polnud p\u00e4\u00e4stet\u00f6\u00f6dega v\u00f5imalik ka algust teha, sest majas oli elekter veel sees. Kohalik k\u00fclamees oli pettunud, sest alajaama uks oli lukus ning temal polnud \u00f5igust elektrit v\u00e4lja l\u00fclitada.<\/figcaption><\/figure>\n<figure id=\"attachment_2116\" aria-describedby=\"caption-attachment-2116\" style=\"width: 3500px\" class=\"wp-caption alignnone\"><a href=\"https:\/\/www.epfl.ee\/wordpress\/wp-content\/uploads\/2014\/01\/Andres-Putting-5d39084db65445318a59cead39c91e84-154a780d62fb45398fc0b7d2074db53b.jpg\"><img decoding=\"async\" class=\"wp-image-2116 size-full\" style=\"background-color: #f3f3f3; text-align: center;\" src=\"https:\/\/www.epfl.ee\/wordpress\/wp-content\/uploads\/2014\/01\/Andres-Putting-5d39084db65445318a59cead39c91e84-154a780d62fb45398fc0b7d2074db53b.jpg\" alt=\"ANDRES PUTTING (Delfi): Rein Lang lahkub ETV-st\" width=\"3500\" height=\"2329\" \/><\/a><figcaption id=\"caption-attachment-2116\" class=\"wp-caption-text\"><strong>ANDRES PUTTING (Delfi): Lahkumine lennates<\/strong><br \/>Kultuuriministri \u00fcmber lahvatas novembris kirgedest paks skandaal. Ajaleht Sirp sai omale m\u00f5neks ajaks uue peatoimetaja &#8211; Kaur Kenderi. Kired l\u00f5\u00f5masid, meedia podises nagu keema aetud pudru ja nii tuligi l\u00f5puks kultuuriministril vastu v\u00f5tta otsus &#8211; lahkuda. 21.novembri ETV otsesaates Kahek\u00f5ne teatas Rein Lang, et astub ministri ametist tagasi. Pildil on ta lahkumas telemajast. Samm on kerge ja lompe \u00fcletatakse lennates. Koorem on kadunud.<\/figcaption><\/figure>\n<p>&nbsp;<\/p>\n<figure id=\"attachment_2118\" aria-describedby=\"caption-attachment-2118\" style=\"width: 3581px\" class=\"wp-caption alignleft\"><a href=\"https:\/\/www.epfl.ee\/wordpress\/wp-content\/uploads\/2014\/01\/2495b3f63b954cd7ba00c453a1903a71.jpg\"><img decoding=\"async\" class=\"wp-image-2118 size-full\" src=\"https:\/\/www.epfl.ee\/wordpress\/wp-content\/uploads\/2014\/01\/2495b3f63b954cd7ba00c453a1903a71.jpg\" alt=\"EESTI HOKIKOONDIS SAABUS MM VALIKTURNIIRILT\" width=\"3581\" height=\"2542\" \/><\/a><figcaption id=\"caption-attachment-2118\" class=\"wp-caption-text\"><strong>TAIRO LUTTER (\u00d5htuleht): Fotoseeria &#8220;Reality show: Eesti j\u00e4\u00e4hokikoondis tuigub MM-lt koju tagasi.&#8221;<\/strong><br \/>Eesti j\u00e4\u00e4hokikoondise etteasteid MMi valikturniiril varjutas mitme m\u00e4ngija ohjeldamatu alkoholipruukimine. V\u00f5istkonna \u00fche tugitala Maksim Ivanovi teenetest loobuti kolmes viimases m\u00e4ngus. Paraku ei suutnud skandaali sattunud sportlased viinaviskamist l\u00f5petada ja nii avanes &#8220;sangarite&#8221; saabumisp\u00e4eval Tallinna lennujaamas piinlik vaatepilt.<br \/>Pildi allkiri: Maksim Ivanov talutatakse lennujaamast v\u00e4lja.<\/figcaption><\/figure>\n<figure id=\"attachment_2119\" aria-describedby=\"caption-attachment-2119\" style=\"width: 4286px\" class=\"wp-caption alignleft\"><a href=\"https:\/\/www.epfl.ee\/wordpress\/wp-content\/uploads\/2014\/01\/c9b037f2eace4f80b7a688097535b15f.jpg\"><img loading=\"lazy\" decoding=\"async\" class=\"wp-image-2119 size-full\" src=\"https:\/\/www.epfl.ee\/wordpress\/wp-content\/uploads\/2014\/01\/c9b037f2eace4f80b7a688097535b15f.jpg\" alt=\"EESTI HOKIKOONDIS SAABUS MM VALIKTURNIIRILT\" width=\"4286\" height=\"2703\" \/><\/a><figcaption id=\"caption-attachment-2119\" class=\"wp-caption-text\"><strong>TAIRO LUTTER (\u00d5htuleht): Fotoseeria &#8220;Reality show: Eesti j\u00e4\u00e4hokikoondis tuigub MM-lt koju tagasi.&#8221;<\/strong><br \/>Eesti j\u00e4\u00e4hokikoondise etteasteid MMi valikturniiril varjutas mitme m\u00e4ngija ohjeldamatu alkoholipruukimine. V\u00f5istkonna \u00fche tugitala Maksim Ivanovi teenetest loobuti kolmes viimases m\u00e4ngus. Paraku ei suutnud skandaali sattunud sportlased viinaviskamist l\u00f5petada ja nii avanes &#8220;sangarite&#8221; saabumisp\u00e4eval Tallinna lennujaamas piinlik vaatepilt.<br \/>Pildi allkiri: Eesti koondise liider Maksim Ivanov toibus esmalt pagasi ootesaalis, kuni kamraadid ta suurte raskustega toolilt p\u00fcsti aitasid.<\/figcaption><\/figure>\n<p>&nbsp;<\/p>\n<figure style=\"width: 1024px\" class=\"wp-caption alignnone\"><a href=\"https:\/\/www.epfl.ee\/wordpress\/wp-content\/uploads\/2014\/01\/f99179e25dc84a308e914fddf797a3cc-1024x631.jpg\"><img loading=\"lazy\" decoding=\"async\" src=\"https:\/\/www.epfl.ee\/wordpress\/wp-content\/uploads\/2014\/01\/f99179e25dc84a308e914fddf797a3cc-1024x631.jpg\" alt=\"EESTI HOKIKOONDIS SAABUS MM VALIKTURNIIRILT\" width=\"1024\" height=\"631\" \/><\/a><figcaption class=\"wp-caption-text\">TAIRO LUTTER (\u00d5htuleht): Fotoseeria &#8220;Reality show: Eesti j\u00e4\u00e4hokikoondis tuigub MM-lt koju tagasi.&#8221;<br \/>Eesti j\u00e4\u00e4hokikoondise etteasteid MMi valikturniiril varjutas mitme m\u00e4ngija ohjeldamatu alkoholipruukimine. V\u00f5istkonna \u00fche tugitala Maksim Ivanovi teenetest loobuti kolmes viimases m\u00e4ngus. Paraku ei suutnud skandaali sattunud sportlased viinaviskamist l\u00f5petada ja nii avanes &#8220;sangarite&#8221; saabumisp\u00e4eval Tallinna lennujaamas piinlik vaatepilt.<br \/>Pildi allkiri: Eesti koondise liider Maksim Ivanov toibus esmalt pagasi ootesaalis, kuni kamraadid ta suurte raskustega toolilt p\u00fcsti aitasid.<\/figcaption><\/figure>\n<p>&nbsp;<\/p>\n<figure id=\"attachment_2120\" aria-describedby=\"caption-attachment-2120\" style=\"width: 4896px\" class=\"wp-caption alignleft\"><a href=\"https:\/\/www.epfl.ee\/wordpress\/wp-content\/uploads\/2014\/01\/d95797723b504d6bbe18e303fffb1775.jpg\"><img loading=\"lazy\" decoding=\"async\" class=\"wp-image-2120 size-full\" src=\"https:\/\/www.epfl.ee\/wordpress\/wp-content\/uploads\/2014\/01\/d95797723b504d6bbe18e303fffb1775.jpg\" alt=\"EESTI HOKIKOONDIS SAABUS MM VALIKTURNIIRILT\" width=\"4896\" height=\"3264\" \/><\/a><figcaption id=\"caption-attachment-2120\" class=\"wp-caption-text\"><strong>TAIRO LUTTER (\u00d5htuleht): Fotoseeria &#8220;Reality show: Eesti j\u00e4\u00e4hokikoondis tuigub MM-lt koju tagasi.&#8221;<\/strong><br \/>Eesti j\u00e4\u00e4hokikoondise etteasteid MMi valikturniiril varjutas mitme m\u00e4ngija ohjeldamatu alkoholipruukimine. V\u00f5istkonna \u00fche tugitala Maksim Ivanovi teenetest loobuti kolmes viimases m\u00e4ngus. Paraku ei suutnud skandaali sattunud sportlased viinaviskamist l\u00f5petada ja nii avanes &#8220;sangarite&#8221; saabumisp\u00e4eval Tallinna lennujaamas piinlik vaatepilt.<br \/>Pildi allkiri: V\u00e4sinud koondislane.<\/figcaption><\/figure>\n<figure id=\"attachment_2121\" aria-describedby=\"caption-attachment-2121\" style=\"width: 4896px\" class=\"wp-caption alignleft\"><a href=\"https:\/\/www.epfl.ee\/wordpress\/wp-content\/uploads\/2014\/01\/e82cf53f6847457bb386dae4dbda4ea1.jpg\"><img loading=\"lazy\" decoding=\"async\" class=\"wp-image-2121 size-full\" src=\"https:\/\/www.epfl.ee\/wordpress\/wp-content\/uploads\/2014\/01\/e82cf53f6847457bb386dae4dbda4ea1.jpg\" alt=\"EESTI HOKIKOONDIS SAABUS MM VALIKTURNIIRILT\" width=\"4896\" height=\"3264\" \/><\/a><figcaption id=\"caption-attachment-2121\" class=\"wp-caption-text\"><strong>TAIRO LUTTER (\u00d5htuleht): Fotoseeria &#8220;Reality show: Eesti j\u00e4\u00e4hokikoondis tuigub MM-lt koju tagasi.&#8221;<\/strong><br \/>Eesti j\u00e4\u00e4hokikoondise etteasteid MMi valikturniiril varjutas mitme m\u00e4ngija ohjeldamatu alkoholipruukimine. V\u00f5istkonna \u00fche tugitala Maksim Ivanovi teenetest loobuti kolmes viimases m\u00e4ngus. Paraku ei suutnud skandaali sattunud sportlased viinaviskamist l\u00f5petada ja nii avanes &#8220;sangarite&#8221; saabumisp\u00e4eval Tallinna lennujaamas piinlik vaatepilt.<br \/>Pildi allkiri: Samal ajal nautis \u00f5ues pingi peal lesides v\u00e4rsket ja kainestavat kevad\u00f5hku koondise kaitsja Dmitri Jakovlev.<\/figcaption><\/figure>\n<p>________________________________<\/p>\n<p><strong>OLEMUS<\/strong><\/p>\n<figure id=\"attachment_2204\" aria-describedby=\"caption-attachment-2204\" style=\"width: 1804px\" class=\"wp-caption alignleft\"><a href=\"https:\/\/www.epfl.ee\/wordpress\/wp-content\/uploads\/2014\/01\/Uku_Kuudi_h22letu_elu.jpg\"><img loading=\"lazy\" decoding=\"async\" class=\"wp-image-2204 size-full\" src=\"https:\/\/www.epfl.ee\/wordpress\/wp-content\/uploads\/2014\/01\/Uku_Kuudi_h22letu_elu.jpg\" alt=\"Uku Kuudi h\u00e4\u00e4letu elu. R\u00e4nk n\u00e4rvihaigus tegi Uku Kuudist \u00f6\u00f6p\u00e4evaringset hooldust vajava mehe. Abi saaks ta Rootsist, kuid ta ei taha Eestist lahkuda.Pruun villane pleed on laotatud Uku Kuudi (47) jalgadele ja k\u00e4tele. Uku istub ratastoolis, pilk sihitud ainiti aknast v\u00e4lja. Uku juuksed on hallid ning tema liikumatu k\u00f5hn kuju j\u00e4tab mulje, et aeg perekond Kuudi viinapuuv\u00e4\u00e4tidega ehitud majas seisab.Rauno Volmar \/ Eesti Ekspress, Eesti Ajalehed\" width=\"1804\" height=\"1209\" srcset=\"https:\/\/www.epfl.ee\/wordpress\/wp-content\/uploads\/2014\/01\/Uku_Kuudi_h22letu_elu.jpg 1804w, https:\/\/www.epfl.ee\/wordpress\/wp-content\/uploads\/2014\/01\/Uku_Kuudi_h22letu_elu-400x268.jpg 400w, https:\/\/www.epfl.ee\/wordpress\/wp-content\/uploads\/2014\/01\/Uku_Kuudi_h22letu_elu-300x201.jpg 300w, https:\/\/www.epfl.ee\/wordpress\/wp-content\/uploads\/2014\/01\/Uku_Kuudi_h22letu_elu-768x515.jpg 768w, https:\/\/www.epfl.ee\/wordpress\/wp-content\/uploads\/2014\/01\/Uku_Kuudi_h22letu_elu-1024x686.jpg 1024w, https:\/\/www.epfl.ee\/wordpress\/wp-content\/uploads\/2014\/01\/Uku_Kuudi_h22letu_elu-430x288.jpg 430w\" sizes=\"(max-width: 1804px) 100vw, 1804px\" \/><\/a><figcaption id=\"caption-attachment-2204\" class=\"wp-caption-text\">Uku Kuudi h\u00e4\u00e4letu elu. R\u00e4nk n\u00e4rvihaigus tegi Uku Kuudist \u00f6\u00f6p\u00e4evaringset hooldust vajava mehe. Abi saaks ta Rootsist, kuid ta ei taha Eestist lahkuda.<br \/>Pruun villane pleed on laotatud Uku Kuudi (47) jalgadele ja k\u00e4tele. Uku istub ratastoolis, pilk sihitud ainiti aknast v\u00e4lja. Uku juuksed on hallid ning tema liikumatu k\u00f5hn kuju j\u00e4tab mulje, et aeg perekond Kuudi viinapuuv\u00e4\u00e4tidega ehitud majas seisab. Rauno Volmar \/ Eesti Ekspress, Eesti Ajalehed<\/figcaption><\/figure>\n<figure id=\"attachment_2132\" aria-describedby=\"caption-attachment-2132\" style=\"width: 4873px\" class=\"wp-caption alignleft\"><a href=\"https:\/\/www.epfl.ee\/wordpress\/wp-content\/uploads\/2014\/01\/1671375063174244a4f13a13326ae491.jpg\"><img loading=\"lazy\" decoding=\"async\" class=\"wp-image-2132 size-full\" src=\"https:\/\/www.epfl.ee\/wordpress\/wp-content\/uploads\/2014\/01\/1671375063174244a4f13a13326ae491.jpg\" alt=\"1671375063174244a4f13a13326ae491\" width=\"4873\" height=\"3249\" \/><\/a><figcaption id=\"caption-attachment-2132\" class=\"wp-caption-text\"><strong>ANDRAS KRALLA (\u00c4rip\u00e4ev): Usk, v\u00f5im ja manipulatsioon<\/strong><br \/>Vahetult enne valimis avati Tallinnas Lasnam\u00e4el piduliku tseremooniaga Jumalaema Kiirestikuulja ikooni kirik. Keskerakonna valimisvankri raskeveohobune on oma vao k\u00fcndnud. Venekeelse \u00f5igeusukiriku ehitamise tarbeks Moskvast raha k\u00fcsinud erakonna esimees Edgar Savisaar viipab kirikutrepil k\u00e4ega k\u00f5rval asuvale t\u00fchermaale: &#8220;Siia tuleb golfiv\u00e4ljak&#8221;.<\/figcaption><\/figure>\n<figure id=\"attachment_2135\" aria-describedby=\"caption-attachment-2135\" style=\"width: 2000px\" class=\"wp-caption alignleft\"><a href=\"https:\/\/www.epfl.ee\/wordpress\/wp-content\/uploads\/2014\/01\/1d8de79ec6614bcd9d09f049e2e7228b.jpg\"><img loading=\"lazy\" decoding=\"async\" class=\"wp-image-2135 size-full\" src=\"https:\/\/www.epfl.ee\/wordpress\/wp-content\/uploads\/2014\/01\/1d8de79ec6614bcd9d09f049e2e7228b.jpg\" alt=\"1d8de79ec6614bcd9d09f049e2e7228b\" width=\"2000\" height=\"1333\" srcset=\"https:\/\/www.epfl.ee\/wordpress\/wp-content\/uploads\/2014\/01\/1d8de79ec6614bcd9d09f049e2e7228b.jpg 2000w, https:\/\/www.epfl.ee\/wordpress\/wp-content\/uploads\/2014\/01\/1d8de79ec6614bcd9d09f049e2e7228b-400x267.jpg 400w, https:\/\/www.epfl.ee\/wordpress\/wp-content\/uploads\/2014\/01\/1d8de79ec6614bcd9d09f049e2e7228b-300x200.jpg 300w, https:\/\/www.epfl.ee\/wordpress\/wp-content\/uploads\/2014\/01\/1d8de79ec6614bcd9d09f049e2e7228b-768x512.jpg 768w, https:\/\/www.epfl.ee\/wordpress\/wp-content\/uploads\/2014\/01\/1d8de79ec6614bcd9d09f049e2e7228b-1024x682.jpg 1024w, https:\/\/www.epfl.ee\/wordpress\/wp-content\/uploads\/2014\/01\/1d8de79ec6614bcd9d09f049e2e7228b-430x286.jpg 430w\" sizes=\"(max-width: 2000px) 100vw, 2000px\" \/><\/a><figcaption id=\"caption-attachment-2135\" class=\"wp-caption-text\"><strong>ANNIKA HAAS: fotoseeria &#8220;Meie mustlased&#8221;<\/strong><br \/>Mustlased ehk romad on Eesti k\u00f5ige suletum ja salap\u00e4rasem v\u00e4hemusrahvus, kellest me teame, et nad on, aga seda, KUIDAS nad on, teavad vaid nemad ise. Sarnaselt juutidega on romade kui rahvuse saatus olnud karm \u2013 neid on taga kiusatud, diskrimineeritud, h\u00e4vitatud, kuid erinevalt juutidest pole neid p\u00e4riselt mitte kunagi rehabiliteeritud, vaid paljuski j\u00e4tkub vahettegev suhtumine mustlastesse siiani. Nende elukombeid ja traditsioone l\u00e4hemalt tundmata kiputakse neid ikka mitte usaldama ja \u00fcldlevinud negatiivset hoiakut v\u00f5tma. Fotoseeriana esitatud dokumentaalne sissevaade ei v\u00f5ta muust \u00fchiskonnast sotsiaalses ja majanduslikus eraldatuses toimetava rahvakillu suhtes arvustavat seisukohta. Tegu on mustlaste enesereflektsiooniga, mille kogukonna liikmed fotograafile ise pakkusid. Eriti v\u00e4\u00e4rtuslikuks teeb kogu fotomaterjali t\u00f5siasi, et mitte kunagi varem pole Eestis nii laiaulatuslikku visuaalset kajastust Eesti mustlaste ehk romade kohta esitatud.<br \/>Pildi allkiri: Naise t\u00f6\u00f6 ja mehe t\u00f6\u00f6. Vanu traditsioone s\u00f6\u00f6givaaritajana on naistel t\u00e4nap\u00e4eval lihtsam t\u00e4ita kui meestel hobuseparsnikena.<\/figcaption><\/figure>\n<figure id=\"attachment_2136\" aria-describedby=\"caption-attachment-2136\" style=\"width: 2000px\" class=\"wp-caption alignleft\"><a href=\"https:\/\/www.epfl.ee\/wordpress\/wp-content\/uploads\/2014\/01\/39ce7da3ea0f43bf8d1d4a14d5cd5b8b.jpg\"><img loading=\"lazy\" decoding=\"async\" class=\"wp-image-2136 size-full\" src=\"https:\/\/www.epfl.ee\/wordpress\/wp-content\/uploads\/2014\/01\/39ce7da3ea0f43bf8d1d4a14d5cd5b8b.jpg\" alt=\"39ce7da3ea0f43bf8d1d4a14d5cd5b8b\" width=\"2000\" height=\"1333\" srcset=\"https:\/\/www.epfl.ee\/wordpress\/wp-content\/uploads\/2014\/01\/39ce7da3ea0f43bf8d1d4a14d5cd5b8b.jpg 2000w, https:\/\/www.epfl.ee\/wordpress\/wp-content\/uploads\/2014\/01\/39ce7da3ea0f43bf8d1d4a14d5cd5b8b-400x267.jpg 400w, https:\/\/www.epfl.ee\/wordpress\/wp-content\/uploads\/2014\/01\/39ce7da3ea0f43bf8d1d4a14d5cd5b8b-300x200.jpg 300w, https:\/\/www.epfl.ee\/wordpress\/wp-content\/uploads\/2014\/01\/39ce7da3ea0f43bf8d1d4a14d5cd5b8b-768x512.jpg 768w, https:\/\/www.epfl.ee\/wordpress\/wp-content\/uploads\/2014\/01\/39ce7da3ea0f43bf8d1d4a14d5cd5b8b-1024x682.jpg 1024w, https:\/\/www.epfl.ee\/wordpress\/wp-content\/uploads\/2014\/01\/39ce7da3ea0f43bf8d1d4a14d5cd5b8b-430x286.jpg 430w\" sizes=\"(max-width: 2000px) 100vw, 2000px\" \/><\/a><figcaption id=\"caption-attachment-2136\" class=\"wp-caption-text\"><strong>ANNIKA HAAS: fotoseeria &#8220;Meie mustlased&#8221;<\/strong><br \/>Mustlased ehk romad on Eesti k\u00f5ige suletum ja salap\u00e4rasem v\u00e4hemusrahvus, kellest me teame, et nad on, aga seda, KUIDAS nad on, teavad vaid nemad ise. Sarnaselt juutidega on romade kui rahvuse saatus olnud karm \u2013 neid on taga kiusatud, diskrimineeritud, h\u00e4vitatud, kuid erinevalt juutidest pole neid p\u00e4riselt mitte kunagi rehabiliteeritud, vaid paljuski j\u00e4tkub vahettegev suhtumine mustlastesse siiani. Nende elukombeid ja traditsioone l\u00e4hemalt tundmata kiputakse neid ikka mitte usaldama ja \u00fcldlevinud negatiivset hoiakut v\u00f5tma. Fotoseeriana esitatud dokumentaalne sissevaade ei v\u00f5ta muust \u00fchiskonnast sotsiaalses ja majanduslikus eraldatuses toimetava rahvakillu suhtes arvustavat seisukohta. Tegu on mustlaste enesereflektsiooniga, mille kogukonna liikmed fotograafile ise pakkusid. Eriti v\u00e4\u00e4rtuslikuks teeb kogu fotomaterjali t\u00f5siasi, et mitte kunagi varem pole Eestis nii laiaulatuslikku visuaalset kajastust Eesti mustlaste ehk romade kohta esitatud.<br \/>Pildi allkiri: Fortuuna t\u00e4nava leedi.<\/figcaption><\/figure>\n<figure id=\"attachment_2137\" aria-describedby=\"caption-attachment-2137\" style=\"width: 5184px\" class=\"wp-caption alignleft\"><a href=\"https:\/\/www.epfl.ee\/wordpress\/wp-content\/uploads\/2014\/01\/401f33988d6a4436afecda5c890d7dde.jpg\"><img loading=\"lazy\" decoding=\"async\" class=\"wp-image-2137 size-full\" src=\"https:\/\/www.epfl.ee\/wordpress\/wp-content\/uploads\/2014\/01\/401f33988d6a4436afecda5c890d7dde.jpg\" alt=\"401f33988d6a4436afecda5c890d7dde\" width=\"5184\" height=\"3456\" \/><\/a><figcaption id=\"caption-attachment-2137\" class=\"wp-caption-text\"><strong>ANNIKA HAAS: fotoseeria &#8220;Meie mustlased&#8221;<\/strong><br \/>Mustlased ehk romad on Eesti k\u00f5ige suletum ja salap\u00e4rasem v\u00e4hemusrahvus, kellest me teame, et nad on, aga seda, KUIDAS nad on, teavad vaid nemad ise. Sarnaselt juutidega on romade kui rahvuse saatus olnud karm \u2013 neid on taga kiusatud, diskrimineeritud, h\u00e4vitatud, kuid erinevalt juutidest pole neid p\u00e4riselt mitte kunagi rehabiliteeritud, vaid paljuski j\u00e4tkub vahettegev suhtumine mustlastesse siiani. Nende elukombeid ja traditsioone l\u00e4hemalt tundmata kiputakse neid ikka mitte usaldama ja \u00fcldlevinud negatiivset hoiakut v\u00f5tma. Fotoseeriana esitatud dokumentaalne sissevaade ei v\u00f5ta muust \u00fchiskonnast sotsiaalses ja majanduslikus eraldatuses toimetava rahvakillu suhtes arvustavat seisukohta. Tegu on mustlaste enesereflektsiooniga, mille kogukonna liikmed fotograafile ise pakkusid. Eriti v\u00e4\u00e4rtuslikuks teeb kogu fotomaterjali t\u00f5siasi, et mitte kunagi varem pole Eestis nii laiaulatuslikku visuaalset kajastust Eesti mustlaste ehk romade kohta esitatud.<br \/>Pildi allkiri: Omaette &#8211; \u00fcks v\u00e4heseid mustlasperesid, kes elab t\u00e4iesti eraldatult talus V\u00f5rumaal. 27aastasel pereemal (keskel) on juba 4 last.<\/figcaption><\/figure>\n<figure id=\"attachment_2138\" aria-describedby=\"caption-attachment-2138\" style=\"width: 2000px\" class=\"wp-caption alignleft\"><a href=\"https:\/\/www.epfl.ee\/wordpress\/wp-content\/uploads\/2014\/01\/774ba96d330f4f66a352197be8db8926.jpg\"><img loading=\"lazy\" decoding=\"async\" class=\"wp-image-2138 size-full\" src=\"https:\/\/www.epfl.ee\/wordpress\/wp-content\/uploads\/2014\/01\/774ba96d330f4f66a352197be8db8926.jpg\" alt=\"774ba96d330f4f66a352197be8db8926\" width=\"2000\" height=\"1333\" srcset=\"https:\/\/www.epfl.ee\/wordpress\/wp-content\/uploads\/2014\/01\/774ba96d330f4f66a352197be8db8926.jpg 2000w, https:\/\/www.epfl.ee\/wordpress\/wp-content\/uploads\/2014\/01\/774ba96d330f4f66a352197be8db8926-400x267.jpg 400w, https:\/\/www.epfl.ee\/wordpress\/wp-content\/uploads\/2014\/01\/774ba96d330f4f66a352197be8db8926-300x200.jpg 300w, https:\/\/www.epfl.ee\/wordpress\/wp-content\/uploads\/2014\/01\/774ba96d330f4f66a352197be8db8926-768x512.jpg 768w, https:\/\/www.epfl.ee\/wordpress\/wp-content\/uploads\/2014\/01\/774ba96d330f4f66a352197be8db8926-1024x682.jpg 1024w, https:\/\/www.epfl.ee\/wordpress\/wp-content\/uploads\/2014\/01\/774ba96d330f4f66a352197be8db8926-430x286.jpg 430w\" sizes=\"(max-width: 2000px) 100vw, 2000px\" \/><\/a><figcaption id=\"caption-attachment-2138\" class=\"wp-caption-text\"><strong>ANNIKA HAAS: fotoseeria &#8220;Meie mustlased&#8221;<\/strong><br \/>Mustlased ehk romad on Eesti k\u00f5ige suletum ja salap\u00e4rasem v\u00e4hemusrahvus, kellest me teame, et nad on, aga seda, KUIDAS nad on, teavad vaid nemad ise. Sarnaselt juutidega on romade kui rahvuse saatus olnud karm \u2013 neid on taga kiusatud, diskrimineeritud, h\u00e4vitatud, kuid erinevalt juutidest pole neid p\u00e4riselt mitte kunagi rehabiliteeritud, vaid paljuski j\u00e4tkub vahettegev suhtumine mustlastesse siiani. Nende elukombeid ja traditsioone l\u00e4hemalt tundmata kiputakse neid ikka mitte usaldama ja \u00fcldlevinud negatiivset hoiakut v\u00f5tma. Fotoseeriana esitatud dokumentaalne sissevaade ei v\u00f5ta muust \u00fchiskonnast sotsiaalses ja majanduslikus eraldatuses toimetava rahvakillu suhtes arvustavat seisukohta. Tegu on mustlaste enesereflektsiooniga, mille kogukonna liikmed fotograafile ise pakkusid. Eriti v\u00e4\u00e4rtuslikuks teeb kogu fotomaterjali t\u00f5siasi, et mitte kunagi varem pole Eestis nii laiaulatuslikku visuaalset kajastust Eesti mustlaste ehk romade kohta esitatud.<br \/>Pildi allkiri: 14aastane mustlasneiu ei m\u00f5tle enam koolile, vaid pigem meheleminekule ja kodustele toimetustele.<\/figcaption><\/figure>\n<figure id=\"attachment_2139\" aria-describedby=\"caption-attachment-2139\" style=\"width: 2000px\" class=\"wp-caption alignleft\"><a href=\"https:\/\/www.epfl.ee\/wordpress\/wp-content\/uploads\/2014\/01\/970cf2932bfa4e09b756ffc60ba774b1.jpg\"><img loading=\"lazy\" decoding=\"async\" class=\"wp-image-2139 size-full\" src=\"https:\/\/www.epfl.ee\/wordpress\/wp-content\/uploads\/2014\/01\/970cf2932bfa4e09b756ffc60ba774b1.jpg\" alt=\"970cf2932bfa4e09b756ffc60ba774b1\" width=\"2000\" height=\"1333\" srcset=\"https:\/\/www.epfl.ee\/wordpress\/wp-content\/uploads\/2014\/01\/970cf2932bfa4e09b756ffc60ba774b1.jpg 2000w, https:\/\/www.epfl.ee\/wordpress\/wp-content\/uploads\/2014\/01\/970cf2932bfa4e09b756ffc60ba774b1-400x267.jpg 400w, https:\/\/www.epfl.ee\/wordpress\/wp-content\/uploads\/2014\/01\/970cf2932bfa4e09b756ffc60ba774b1-300x200.jpg 300w, https:\/\/www.epfl.ee\/wordpress\/wp-content\/uploads\/2014\/01\/970cf2932bfa4e09b756ffc60ba774b1-768x512.jpg 768w, https:\/\/www.epfl.ee\/wordpress\/wp-content\/uploads\/2014\/01\/970cf2932bfa4e09b756ffc60ba774b1-1024x682.jpg 1024w, https:\/\/www.epfl.ee\/wordpress\/wp-content\/uploads\/2014\/01\/970cf2932bfa4e09b756ffc60ba774b1-430x286.jpg 430w\" sizes=\"(max-width: 2000px) 100vw, 2000px\" \/><\/a><figcaption id=\"caption-attachment-2139\" class=\"wp-caption-text\"><strong>ANNIKA HAAS: fotoseeria &#8220;Meie mustlased&#8221;<\/strong><br \/>Mustlased ehk romad on Eesti k\u00f5ige suletum ja salap\u00e4rasem v\u00e4hemusrahvus, kellest me teame, et nad on, aga seda, KUIDAS nad on, teavad vaid nemad ise. Sarnaselt juutidega on romade kui rahvuse saatus olnud karm \u2013 neid on taga kiusatud, diskrimineeritud, h\u00e4vitatud, kuid erinevalt juutidest pole neid p\u00e4riselt mitte kunagi rehabiliteeritud, vaid paljuski j\u00e4tkub vahettegev suhtumine mustlastesse siiani. Nende elukombeid ja traditsioone l\u00e4hemalt tundmata kiputakse neid ikka mitte usaldama ja \u00fcldlevinud negatiivset hoiakut v\u00f5tma. Fotoseeriana esitatud dokumentaalne sissevaade ei v\u00f5ta muust \u00fchiskonnast sotsiaalses ja majanduslikus eraldatuses toimetava rahvakillu suhtes arvustavat seisukohta. Tegu on mustlaste enesereflektsiooniga, mille kogukonna liikmed fotograafile ise pakkusid. Eriti v\u00e4\u00e4rtuslikuks teeb kogu fotomaterjali t\u00f5siasi, et mitte kunagi varem pole Eestis nii laiaulatuslikku visuaalset kajastust Eesti mustlaste ehk romade kohta esitatud.<br \/>Pildi allkiri: Hoiavad kokku &#8211; Fortuuna t\u00e4nava poisid.<\/figcaption><\/figure>\n<figure id=\"attachment_2140\" aria-describedby=\"caption-attachment-2140\" style=\"width: 2000px\" class=\"wp-caption alignleft\"><a href=\"https:\/\/www.epfl.ee\/wordpress\/wp-content\/uploads\/2014\/01\/07109b9a449c41b29815973378a86c9e.jpg\"><img loading=\"lazy\" decoding=\"async\" class=\"wp-image-2140 size-full\" src=\"https:\/\/www.epfl.ee\/wordpress\/wp-content\/uploads\/2014\/01\/07109b9a449c41b29815973378a86c9e.jpg\" alt=\"07109b9a449c41b29815973378a86c9e\" width=\"2000\" height=\"1506\" srcset=\"https:\/\/www.epfl.ee\/wordpress\/wp-content\/uploads\/2014\/01\/07109b9a449c41b29815973378a86c9e.jpg 2000w, https:\/\/www.epfl.ee\/wordpress\/wp-content\/uploads\/2014\/01\/07109b9a449c41b29815973378a86c9e-400x301.jpg 400w, https:\/\/www.epfl.ee\/wordpress\/wp-content\/uploads\/2014\/01\/07109b9a449c41b29815973378a86c9e-300x226.jpg 300w, https:\/\/www.epfl.ee\/wordpress\/wp-content\/uploads\/2014\/01\/07109b9a449c41b29815973378a86c9e-768x578.jpg 768w, https:\/\/www.epfl.ee\/wordpress\/wp-content\/uploads\/2014\/01\/07109b9a449c41b29815973378a86c9e-1024x771.jpg 1024w, https:\/\/www.epfl.ee\/wordpress\/wp-content\/uploads\/2014\/01\/07109b9a449c41b29815973378a86c9e-430x323.jpg 430w\" sizes=\"(max-width: 2000px) 100vw, 2000px\" \/><\/a><figcaption id=\"caption-attachment-2140\" class=\"wp-caption-text\"><strong>ANNIKA HAAS: fotoseeria &#8220;Meie mustlased&#8221;<\/strong><br \/>Mustlased ehk romad on Eesti k\u00f5ige suletum ja salap\u00e4rasem v\u00e4hemusrahvus, kellest me teame, et nad on, aga seda, KUIDAS nad on, teavad vaid nemad ise. Sarnaselt juutidega on romade kui rahvuse saatus olnud karm \u2013 neid on taga kiusatud, diskrimineeritud, h\u00e4vitatud, kuid erinevalt juutidest pole neid p\u00e4riselt mitte kunagi rehabiliteeritud, vaid paljuski j\u00e4tkub vahettegev suhtumine mustlastesse siiani. Nende elukombeid ja traditsioone l\u00e4hemalt tundmata kiputakse neid ikka mitte usaldama ja \u00fcldlevinud negatiivset hoiakut v\u00f5tma. Fotoseeriana esitatud dokumentaalne sissevaade ei v\u00f5ta muust \u00fchiskonnast sotsiaalses ja majanduslikus eraldatuses toimetava rahvakillu suhtes arvustavat seisukohta. Tegu on mustlaste enesereflektsiooniga, mille kogukonna liikmed fotograafile ise pakkusid. Eriti v\u00e4\u00e4rtuslikuks teeb kogu fotomaterjali t\u00f5siasi, et mitte kunagi varem pole Eestis nii laiaulatuslikku visuaalset kajastust Eesti mustlaste ehk romade kohta esitatud.<br \/>Pildi allkiri: Valgas elavad 73-aastase ema hoole all kaksikutest invaliidid Lonni ja Amanda, kes ei saa ise liikuda. Majas pole vett, ahjud on katki, katus laseb l\u00e4bi &#8211; aga elama peab.<\/figcaption><\/figure>\n<figure id=\"attachment_2141\" aria-describedby=\"caption-attachment-2141\" style=\"width: 2000px\" class=\"wp-caption alignleft\"><a href=\"https:\/\/www.epfl.ee\/wordpress\/wp-content\/uploads\/2014\/01\/50174b453f3c48f7807133f909834d41.jpg\"><img loading=\"lazy\" decoding=\"async\" class=\"wp-image-2141 size-full\" src=\"https:\/\/www.epfl.ee\/wordpress\/wp-content\/uploads\/2014\/01\/50174b453f3c48f7807133f909834d41.jpg\" alt=\"50174b453f3c48f7807133f909834d41\" width=\"2000\" height=\"1333\" srcset=\"https:\/\/www.epfl.ee\/wordpress\/wp-content\/uploads\/2014\/01\/50174b453f3c48f7807133f909834d41.jpg 2000w, https:\/\/www.epfl.ee\/wordpress\/wp-content\/uploads\/2014\/01\/50174b453f3c48f7807133f909834d41-400x267.jpg 400w, https:\/\/www.epfl.ee\/wordpress\/wp-content\/uploads\/2014\/01\/50174b453f3c48f7807133f909834d41-300x200.jpg 300w, https:\/\/www.epfl.ee\/wordpress\/wp-content\/uploads\/2014\/01\/50174b453f3c48f7807133f909834d41-768x512.jpg 768w, https:\/\/www.epfl.ee\/wordpress\/wp-content\/uploads\/2014\/01\/50174b453f3c48f7807133f909834d41-1024x682.jpg 1024w, https:\/\/www.epfl.ee\/wordpress\/wp-content\/uploads\/2014\/01\/50174b453f3c48f7807133f909834d41-430x286.jpg 430w\" sizes=\"(max-width: 2000px) 100vw, 2000px\" \/><\/a><figcaption id=\"caption-attachment-2141\" class=\"wp-caption-text\"><strong>ANNIKA HAAS: fotoseeria &#8220;Meie mustlased&#8221;<\/strong><br \/>Mustlased ehk romad on Eesti k\u00f5ige suletum ja salap\u00e4rasem v\u00e4hemusrahvus, kellest me teame, et nad on, aga seda, KUIDAS nad on, teavad vaid nemad ise. Sarnaselt juutidega on romade kui rahvuse saatus olnud karm \u2013 neid on taga kiusatud, diskrimineeritud, h\u00e4vitatud, kuid erinevalt juutidest pole neid p\u00e4riselt mitte kunagi rehabiliteeritud, vaid paljuski j\u00e4tkub vahettegev suhtumine mustlastesse siiani. Nende elukombeid ja traditsioone l\u00e4hemalt tundmata kiputakse neid ikka mitte usaldama ja \u00fcldlevinud negatiivset hoiakut v\u00f5tma. Fotoseeriana esitatud dokumentaalne sissevaade ei v\u00f5ta muust \u00fchiskonnast sotsiaalses ja majanduslikus eraldatuses toimetava rahvakillu suhtes arvustavat seisukohta. Tegu on mustlaste enesereflektsiooniga, mille kogukonna liikmed fotograafile ise pakkusid. Eriti v\u00e4\u00e4rtuslikuks teeb kogu fotomaterjali t\u00f5siasi, et mitte kunagi varem pole Eestis nii laiaulatuslikku visuaalset kajastust Eesti mustlaste ehk romade kohta esitatud.<br \/>Pildi allkiri: \u00dcksk\u00f5ik millisesse mustlaskodusse satud, kasv\u00f5i k\u00f5ige vaesemasse, kaetakse laud, kuigi pakkuda saab ehk ainult k\u00fcpsist ja teed.<\/figcaption><\/figure>\n<figure id=\"attachment_2142\" aria-describedby=\"caption-attachment-2142\" style=\"width: 2000px\" class=\"wp-caption alignleft\"><a href=\"https:\/\/www.epfl.ee\/wordpress\/wp-content\/uploads\/2014\/01\/378585add8d343fbbb98b6bcb7ac3ca8.jpg\"><img loading=\"lazy\" decoding=\"async\" class=\"wp-image-2142 size-full\" src=\"https:\/\/www.epfl.ee\/wordpress\/wp-content\/uploads\/2014\/01\/378585add8d343fbbb98b6bcb7ac3ca8.jpg\" alt=\"378585add8d343fbbb98b6bcb7ac3ca8\" width=\"2000\" height=\"1333\" srcset=\"https:\/\/www.epfl.ee\/wordpress\/wp-content\/uploads\/2014\/01\/378585add8d343fbbb98b6bcb7ac3ca8.jpg 2000w, https:\/\/www.epfl.ee\/wordpress\/wp-content\/uploads\/2014\/01\/378585add8d343fbbb98b6bcb7ac3ca8-400x267.jpg 400w, https:\/\/www.epfl.ee\/wordpress\/wp-content\/uploads\/2014\/01\/378585add8d343fbbb98b6bcb7ac3ca8-300x200.jpg 300w, https:\/\/www.epfl.ee\/wordpress\/wp-content\/uploads\/2014\/01\/378585add8d343fbbb98b6bcb7ac3ca8-768x512.jpg 768w, https:\/\/www.epfl.ee\/wordpress\/wp-content\/uploads\/2014\/01\/378585add8d343fbbb98b6bcb7ac3ca8-1024x682.jpg 1024w, https:\/\/www.epfl.ee\/wordpress\/wp-content\/uploads\/2014\/01\/378585add8d343fbbb98b6bcb7ac3ca8-430x286.jpg 430w\" sizes=\"(max-width: 2000px) 100vw, 2000px\" \/><\/a><figcaption id=\"caption-attachment-2142\" class=\"wp-caption-text\"><strong>ANNIKA HAAS: fotoseeria &#8220;Meie mustlased&#8221;<\/strong><br \/>Mustlased ehk romad on Eesti k\u00f5ige suletum ja salap\u00e4rasem v\u00e4hemusrahvus, kellest me teame, et nad on, aga seda, KUIDAS nad on, teavad vaid nemad ise. Sarnaselt juutidega on romade kui rahvuse saatus olnud karm \u2013 neid on taga kiusatud, diskrimineeritud, h\u00e4vitatud, kuid erinevalt juutidest pole neid p\u00e4riselt mitte kunagi rehabiliteeritud, vaid paljuski j\u00e4tkub vahettegev suhtumine mustlastesse siiani. Nende elukombeid ja traditsioone l\u00e4hemalt tundmata kiputakse neid ikka mitte usaldama ja \u00fcldlevinud negatiivset hoiakut v\u00f5tma. Fotoseeriana esitatud dokumentaalne sissevaade ei v\u00f5ta muust \u00fchiskonnast sotsiaalses ja majanduslikus eraldatuses toimetava rahvakillu suhtes arvustavat seisukohta. Tegu on mustlaste enesereflektsiooniga, mille kogukonna liikmed fotograafile ise pakkusid. Eriti v\u00e4\u00e4rtuslikuks teeb kogu fotomaterjali t\u00f5siasi, et mitte kunagi varem pole Eestis nii laiaulatuslikku visuaalset kajastust Eesti mustlaste ehk romade kohta esitatud.<br \/>Pildi allkiri: Tartu s\u00fcdalinnas Fortuuna t\u00e4navas elab mustlaspere juba 10 aastat vee ja elektrita varisemisohtlikus majas. T\u00f5eline &#8220;fortuuna vedamine&#8221;.<\/figcaption><\/figure>\n<figure id=\"attachment_2143\" aria-describedby=\"caption-attachment-2143\" style=\"width: 5184px\" class=\"wp-caption alignleft\"><a href=\"https:\/\/www.epfl.ee\/wordpress\/wp-content\/uploads\/2014\/01\/987646deface4c0a8e9e24f45d981c45.jpg\"><img loading=\"lazy\" decoding=\"async\" class=\"wp-image-2143 size-full\" src=\"https:\/\/www.epfl.ee\/wordpress\/wp-content\/uploads\/2014\/01\/987646deface4c0a8e9e24f45d981c45.jpg\" alt=\"987646deface4c0a8e9e24f45d981c45\" width=\"5184\" height=\"3456\" \/><\/a><figcaption id=\"caption-attachment-2143\" class=\"wp-caption-text\"><strong>ANNIKA HAAS: fotoseeria &#8220;Meie mustlased&#8221;<\/strong><br \/>Mustlased ehk romad on Eesti k\u00f5ige suletum ja salap\u00e4rasem v\u00e4hemusrahvus, kellest me teame, et nad on, aga seda, KUIDAS nad on, teavad vaid nemad ise. Sarnaselt juutidega on romade kui rahvuse saatus olnud karm \u2013 neid on taga kiusatud, diskrimineeritud, h\u00e4vitatud, kuid erinevalt juutidest pole neid p\u00e4riselt mitte kunagi rehabiliteeritud, vaid paljuski j\u00e4tkub vahettegev suhtumine mustlastesse siiani. Nende elukombeid ja traditsioone l\u00e4hemalt tundmata kiputakse neid ikka mitte usaldama ja \u00fcldlevinud negatiivset hoiakut v\u00f5tma. Fotoseeriana esitatud dokumentaalne sissevaade ei v\u00f5ta muust \u00fchiskonnast sotsiaalses ja majanduslikus eraldatuses toimetava rahvakillu suhtes arvustavat seisukohta. Tegu on mustlaste enesereflektsiooniga, mille kogukonna liikmed fotograafile ise pakkusid. Eriti v\u00e4\u00e4rtuslikuks teeb kogu fotomaterjali t\u00f5siasi, et mitte kunagi varem pole Eestis nii laiaulatuslikku visuaalset kajastust Eesti mustlaste ehk romade kohta esitatud.<br \/>Pildi allkiri: Alexandra kodu. \u00dche v\u00e4ikese mustlast\u00fcdruku tuba ja tema ainuke m\u00e4nguasi.<\/figcaption><\/figure>\n<figure id=\"attachment_2144\" aria-describedby=\"caption-attachment-2144\" style=\"width: 2000px\" class=\"wp-caption alignleft\"><a href=\"https:\/\/www.epfl.ee\/wordpress\/wp-content\/uploads\/2014\/01\/a7d426cc38524a30a84d92848206686e.jpg\"><img loading=\"lazy\" decoding=\"async\" class=\"wp-image-2144 size-full\" src=\"https:\/\/www.epfl.ee\/wordpress\/wp-content\/uploads\/2014\/01\/a7d426cc38524a30a84d92848206686e.jpg\" alt=\"a7d426cc38524a30a84d92848206686e\" width=\"2000\" height=\"1333\" srcset=\"https:\/\/www.epfl.ee\/wordpress\/wp-content\/uploads\/2014\/01\/a7d426cc38524a30a84d92848206686e.jpg 2000w, https:\/\/www.epfl.ee\/wordpress\/wp-content\/uploads\/2014\/01\/a7d426cc38524a30a84d92848206686e-400x267.jpg 400w, https:\/\/www.epfl.ee\/wordpress\/wp-content\/uploads\/2014\/01\/a7d426cc38524a30a84d92848206686e-300x200.jpg 300w, https:\/\/www.epfl.ee\/wordpress\/wp-content\/uploads\/2014\/01\/a7d426cc38524a30a84d92848206686e-768x512.jpg 768w, https:\/\/www.epfl.ee\/wordpress\/wp-content\/uploads\/2014\/01\/a7d426cc38524a30a84d92848206686e-1024x682.jpg 1024w, https:\/\/www.epfl.ee\/wordpress\/wp-content\/uploads\/2014\/01\/a7d426cc38524a30a84d92848206686e-430x286.jpg 430w\" sizes=\"(max-width: 2000px) 100vw, 2000px\" \/><\/a><figcaption id=\"caption-attachment-2144\" class=\"wp-caption-text\"><strong>ANNIKA HAAS: fotoseeria &#8220;Meie mustlased&#8221;<\/strong><br \/>Mustlased ehk romad on Eesti k\u00f5ige suletum ja salap\u00e4rasem v\u00e4hemusrahvus, kellest me teame, et nad on, aga seda, KUIDAS nad on, teavad vaid nemad ise. Sarnaselt juutidega on romade kui rahvuse saatus olnud karm \u2013 neid on taga kiusatud, diskrimineeritud, h\u00e4vitatud, kuid erinevalt juutidest pole neid p\u00e4riselt mitte kunagi rehabiliteeritud, vaid paljuski j\u00e4tkub vahettegev suhtumine mustlastesse siiani. Nende elukombeid ja traditsioone l\u00e4hemalt tundmata kiputakse neid ikka mitte usaldama ja \u00fcldlevinud negatiivset hoiakut v\u00f5tma. Fotoseeriana esitatud dokumentaalne sissevaade ei v\u00f5ta muust \u00fchiskonnast sotsiaalses ja majanduslikus eraldatuses toimetava rahvakillu suhtes arvustavat seisukohta. Tegu on mustlaste enesereflektsiooniga, mille kogukonna liikmed fotograafile ise pakkusid. Eriti v\u00e4\u00e4rtuslikuks teeb kogu fotomaterjali t\u00f5siasi, et mitte kunagi varem pole Eestis nii laiaulatuslikku visuaalset kajastust Eesti mustlaste ehk romade kohta esitatud.<br \/>Pildi allkiri: H\u00e4da ei anna h\u00e4beneda.<\/figcaption><\/figure>\n<figure id=\"attachment_2145\" aria-describedby=\"caption-attachment-2145\" style=\"width: 5184px\" class=\"wp-caption alignleft\"><a href=\"https:\/\/www.epfl.ee\/wordpress\/wp-content\/uploads\/2014\/01\/ae28c6469d494663a4faa9007b03d9a1.jpg\"><img loading=\"lazy\" decoding=\"async\" class=\"wp-image-2145 size-full\" src=\"https:\/\/www.epfl.ee\/wordpress\/wp-content\/uploads\/2014\/01\/ae28c6469d494663a4faa9007b03d9a1.jpg\" alt=\"ae28c6469d494663a4faa9007b03d9a1\" width=\"5184\" height=\"3456\" \/><\/a><figcaption id=\"caption-attachment-2145\" class=\"wp-caption-text\"><strong>ANNIKA HAAS: fotoseeria &#8220;Meie mustlased&#8221;<\/strong><br \/>Mustlased ehk romad on Eesti k\u00f5ige suletum ja salap\u00e4rasem v\u00e4hemusrahvus, kellest me teame, et nad on, aga seda, KUIDAS nad on, teavad vaid nemad ise. Sarnaselt juutidega on romade kui rahvuse saatus olnud karm \u2013 neid on taga kiusatud, diskrimineeritud, h\u00e4vitatud, kuid erinevalt juutidest pole neid p\u00e4riselt mitte kunagi rehabiliteeritud, vaid paljuski j\u00e4tkub vahettegev suhtumine mustlastesse siiani. Nende elukombeid ja traditsioone l\u00e4hemalt tundmata kiputakse neid ikka mitte usaldama ja \u00fcldlevinud negatiivset hoiakut v\u00f5tma. Fotoseeriana esitatud dokumentaalne sissevaade ei v\u00f5ta muust \u00fchiskonnast sotsiaalses ja majanduslikus eraldatuses toimetava rahvakillu suhtes arvustavat seisukohta. Tegu on mustlaste enesereflektsiooniga, mille kogukonna liikmed fotograafile ise pakkusid. Eriti v\u00e4\u00e4rtuslikuks teeb kogu fotomaterjali t\u00f5siasi, et mitte kunagi varem pole Eestis nii laiaulatuslikku visuaalset kajastust Eesti mustlaste ehk romade kohta esitatud.<br \/>Pildi allkiri: S\u00fcnnip\u00e4eva hommik.<\/figcaption><\/figure>\n<figure id=\"attachment_2146\" aria-describedby=\"caption-attachment-2146\" style=\"width: 5184px\" class=\"wp-caption alignleft\"><a href=\"https:\/\/www.epfl.ee\/wordpress\/wp-content\/uploads\/2014\/01\/e059f492f6d040109483f6a1ad928bc4.jpg\"><img loading=\"lazy\" decoding=\"async\" class=\"wp-image-2146 size-full\" src=\"https:\/\/www.epfl.ee\/wordpress\/wp-content\/uploads\/2014\/01\/e059f492f6d040109483f6a1ad928bc4.jpg\" alt=\"e059f492f6d040109483f6a1ad928bc4\" width=\"5184\" height=\"3456\" \/><\/a><figcaption id=\"caption-attachment-2146\" class=\"wp-caption-text\"><strong>ANNIKA HAAS: fotoseeria &#8220;Meie mustlased&#8221;<\/strong><br \/>Mustlased ehk romad on Eesti k\u00f5ige suletum ja salap\u00e4rasem v\u00e4hemusrahvus, kellest me teame, et nad on, aga seda, KUIDAS nad on, teavad vaid nemad ise. Sarnaselt juutidega on romade kui rahvuse saatus olnud karm \u2013 neid on taga kiusatud, diskrimineeritud, h\u00e4vitatud, kuid erinevalt juutidest pole neid p\u00e4riselt mitte kunagi rehabiliteeritud, vaid paljuski j\u00e4tkub vahettegev suhtumine mustlastesse siiani. Nende elukombeid ja traditsioone l\u00e4hemalt tundmata kiputakse neid ikka mitte usaldama ja \u00fcldlevinud negatiivset hoiakut v\u00f5tma. Fotoseeriana esitatud dokumentaalne sissevaade ei v\u00f5ta muust \u00fchiskonnast sotsiaalses ja majanduslikus eraldatuses toimetava rahvakillu suhtes arvustavat seisukohta. Tegu on mustlaste enesereflektsiooniga, mille kogukonna liikmed fotograafile ise pakkusid. Eriti v\u00e4\u00e4rtuslikuks teeb kogu fotomaterjali t\u00f5siasi, et mitte kunagi varem pole Eestis nii laiaulatuslikku visuaalset kajastust Eesti mustlaste ehk romade kohta esitatud.<br \/>Pildi allkiri: Suurelt \u00f5elt Olesjalt on palju \u00f5ppida. T\u00fcdrukud peavad juba varakult teadma, kuidas end meeste jaoks ehtida.<\/figcaption><\/figure>\n<figure id=\"attachment_2147\" aria-describedby=\"caption-attachment-2147\" style=\"width: 2000px\" class=\"wp-caption alignleft\"><a href=\"https:\/\/www.epfl.ee\/wordpress\/wp-content\/uploads\/2014\/01\/ebf7ba6ee0084ebb9557e534938281f0.jpg\"><img loading=\"lazy\" decoding=\"async\" class=\"wp-image-2147 size-full\" src=\"https:\/\/www.epfl.ee\/wordpress\/wp-content\/uploads\/2014\/01\/ebf7ba6ee0084ebb9557e534938281f0.jpg\" alt=\"ebf7ba6ee0084ebb9557e534938281f0\" width=\"2000\" height=\"1333\" srcset=\"https:\/\/www.epfl.ee\/wordpress\/wp-content\/uploads\/2014\/01\/ebf7ba6ee0084ebb9557e534938281f0.jpg 2000w, https:\/\/www.epfl.ee\/wordpress\/wp-content\/uploads\/2014\/01\/ebf7ba6ee0084ebb9557e534938281f0-400x267.jpg 400w, https:\/\/www.epfl.ee\/wordpress\/wp-content\/uploads\/2014\/01\/ebf7ba6ee0084ebb9557e534938281f0-300x200.jpg 300w, https:\/\/www.epfl.ee\/wordpress\/wp-content\/uploads\/2014\/01\/ebf7ba6ee0084ebb9557e534938281f0-768x512.jpg 768w, https:\/\/www.epfl.ee\/wordpress\/wp-content\/uploads\/2014\/01\/ebf7ba6ee0084ebb9557e534938281f0-1024x682.jpg 1024w, https:\/\/www.epfl.ee\/wordpress\/wp-content\/uploads\/2014\/01\/ebf7ba6ee0084ebb9557e534938281f0-430x286.jpg 430w\" sizes=\"(max-width: 2000px) 100vw, 2000px\" \/><\/a><figcaption id=\"caption-attachment-2147\" class=\"wp-caption-text\"><strong>ANNIKA HAAS: fotoseeria &#8220;Meie mustlased&#8221;<\/strong><br \/>Mustlased ehk romad on Eesti k\u00f5ige suletum ja salap\u00e4rasem v\u00e4hemusrahvus, kellest me teame, et nad on, aga seda, KUIDAS nad on, teavad vaid nemad ise. Sarnaselt juutidega on romade kui rahvuse saatus olnud karm \u2013 neid on taga kiusatud, diskrimineeritud, h\u00e4vitatud, kuid erinevalt juutidest pole neid p\u00e4riselt mitte kunagi rehabiliteeritud, vaid paljuski j\u00e4tkub vahettegev suhtumine mustlastesse siiani. Nende elukombeid ja traditsioone l\u00e4hemalt tundmata kiputakse neid ikka mitte usaldama ja \u00fcldlevinud negatiivset hoiakut v\u00f5tma. Fotoseeriana esitatud dokumentaalne sissevaade ei v\u00f5ta muust \u00fchiskonnast sotsiaalses ja majanduslikus eraldatuses toimetava rahvakillu suhtes arvustavat seisukohta. Tegu on mustlaste enesereflektsiooniga, mille kogukonna liikmed fotograafile ise pakkusid. Eriti v\u00e4\u00e4rtuslikuks teeb kogu fotomaterjali t\u00f5siasi, et mitte kunagi varem pole Eestis nii laiaulatuslikku visuaalset kajastust Eesti mustlaste ehk romade kohta esitatud.<br \/>Pildi allkiri: Mustlase armastus. Pruut ootab peigu.<\/figcaption><\/figure>\n<figure id=\"attachment_2148\" aria-describedby=\"caption-attachment-2148\" style=\"width: 1333px\" class=\"wp-caption alignleft\"><a href=\"https:\/\/www.epfl.ee\/wordpress\/wp-content\/uploads\/2014\/01\/fa5d22708c0a4f558a4e9d325d56fd5f.jpg\"><img loading=\"lazy\" decoding=\"async\" class=\"wp-image-2148 size-full\" src=\"https:\/\/www.epfl.ee\/wordpress\/wp-content\/uploads\/2014\/01\/fa5d22708c0a4f558a4e9d325d56fd5f.jpg\" alt=\"fa5d22708c0a4f558a4e9d325d56fd5f\" width=\"1333\" height=\"2000\" srcset=\"https:\/\/www.epfl.ee\/wordpress\/wp-content\/uploads\/2014\/01\/fa5d22708c0a4f558a4e9d325d56fd5f.jpg 1333w, https:\/\/www.epfl.ee\/wordpress\/wp-content\/uploads\/2014\/01\/fa5d22708c0a4f558a4e9d325d56fd5f-400x600.jpg 400w, https:\/\/www.epfl.ee\/wordpress\/wp-content\/uploads\/2014\/01\/fa5d22708c0a4f558a4e9d325d56fd5f-200x300.jpg 200w, https:\/\/www.epfl.ee\/wordpress\/wp-content\/uploads\/2014\/01\/fa5d22708c0a4f558a4e9d325d56fd5f-768x1152.jpg 768w, https:\/\/www.epfl.ee\/wordpress\/wp-content\/uploads\/2014\/01\/fa5d22708c0a4f558a4e9d325d56fd5f-682x1024.jpg 682w, https:\/\/www.epfl.ee\/wordpress\/wp-content\/uploads\/2014\/01\/fa5d22708c0a4f558a4e9d325d56fd5f-286x430.jpg 286w\" sizes=\"(max-width: 1333px) 100vw, 1333px\" \/><\/a><figcaption id=\"caption-attachment-2148\" class=\"wp-caption-text\"><strong>ANNIKA HAAS: fotoseeria &#8220;Meie mustlased&#8221;<\/strong><br \/>Mustlased ehk romad on Eesti k\u00f5ige suletum ja salap\u00e4rasem v\u00e4hemusrahvus, kellest me teame, et nad on, aga seda, KUIDAS nad on, teavad vaid nemad ise. Sarnaselt juutidega on romade kui rahvuse saatus olnud karm \u2013 neid on taga kiusatud, diskrimineeritud, h\u00e4vitatud, kuid erinevalt juutidest pole neid p\u00e4riselt mitte kunagi rehabiliteeritud, vaid paljuski j\u00e4tkub vahettegev suhtumine mustlastesse siiani. Nende elukombeid ja traditsioone l\u00e4hemalt tundmata kiputakse neid ikka mitte usaldama ja \u00fcldlevinud negatiivset hoiakut v\u00f5tma. Fotoseeriana esitatud dokumentaalne sissevaade ei v\u00f5ta muust \u00fchiskonnast sotsiaalses ja majanduslikus eraldatuses toimetava rahvakillu suhtes arvustavat seisukohta. Tegu on mustlaste enesereflektsiooniga, mille kogukonna liikmed fotograafile ise pakkusid. Eriti v\u00e4\u00e4rtuslikuks teeb kogu fotomaterjali t\u00f5siasi, et mitte kunagi varem pole Eestis nii laiaulatuslikku visuaalset kajastust Eesti mustlaste ehk romade kohta esitatud.<br \/>Pildi allkiri: Heal j\u00e4rjel P\u00e4rnu noor mustlaspere. Ema Diana, \u00e4rimehest isa Aivar ning vennaksed Sillart ja Ivar.<\/figcaption><\/figure>\n<p>&nbsp;<\/p>\n<p>_________________________<\/p>\n<p><strong>PORTREE<\/strong><\/p>\n<p><strong>BIRGIT P\u00dcVE (Eesti Ekspress): fotoseeria &#8220;Elada mitmuses&#8221;<\/strong><br \/>\nKaksikute teema t\u00f5statab t\u00e4nap\u00e4eva individualismi \u00fclistavas maailmas k\u00fcsimuse iga \u00fcksiku inimese unikaalsusest. Kaksikuid s\u00fcnnib \u00fcha rohkem, samal ajal otsib \u00fchiskond ainulaadsust. Kasvav mitmike arv on muutnud hoopis kaksikuid ja kolmikuid endid ning sarnasuse m\u00f5istet laiemalt. Iga\u00fcks meist soovib olla eriline, ilma et tuleksime selle peale, et on kaksikuid, kes eelistavad teadlikult olla sarnased. Selleks, et erineda meist k\u00f5igist. Tegemist on kirjastuse Hea Lugu raamatuprojektiga.<\/p>\n<figure id=\"attachment_2152\" aria-describedby=\"caption-attachment-2152\" style=\"width: 2615px\" class=\"wp-caption alignleft\"><a href=\"https:\/\/www.epfl.ee\/wordpress\/wp-content\/uploads\/2014\/01\/Jaanus-Ree-b8f52cae5fdc4f92a1109a42e86efec8-9d9bf29c9af14995b5073f45059ba3b6.jpg\"><img loading=\"lazy\" decoding=\"async\" class=\"wp-image-2152 size-full\" src=\"https:\/\/www.epfl.ee\/wordpress\/wp-content\/uploads\/2014\/01\/Jaanus-Ree-b8f52cae5fdc4f92a1109a42e86efec8-9d9bf29c9af14995b5073f45059ba3b6.jpg\" alt=\"Jaanus Ree b8f52cae5fdc4f92a1109a42e86efec8-9d9bf29c9af14995b5073f45059ba3b6\" width=\"2615\" height=\"3922\" \/><\/a><figcaption id=\"caption-attachment-2152\" class=\"wp-caption-text\"><strong>JAANUS REE (Postimees\/Elu24): Gard Hvaara Simple Sessionil<\/strong><br \/>Gard Hvaara esinemas Simple Sessionil rohkem kui miljoni vaataja ees.<\/figcaption><\/figure>\n<figure id=\"attachment_2153\" aria-describedby=\"caption-attachment-2153\" style=\"width: 4216px\" class=\"wp-caption alignleft\"><a href=\"https:\/\/www.epfl.ee\/wordpress\/wp-content\/uploads\/2014\/01\/Sven-Arbet-b46219b2b5e34bba9a67526a63f9009f-36b8e386019343169a9bead1532d49b6.jpg\"><img loading=\"lazy\" decoding=\"async\" class=\"wp-image-2153 size-full\" src=\"https:\/\/www.epfl.ee\/wordpress\/wp-content\/uploads\/2014\/01\/Sven-Arbet-b46219b2b5e34bba9a67526a63f9009f-36b8e386019343169a9bead1532d49b6.jpg\" alt=\"Sven Arbet b46219b2b5e34bba9a67526a63f9009f-36b8e386019343169a9bead1532d49b6\" width=\"4216\" height=\"3744\" \/><\/a><figcaption id=\"caption-attachment-2153\" class=\"wp-caption-text\"><strong>SVEN ARBET (Maaleht): Igor Mang &#8211; t\u00e4hetark<\/strong><br \/>Igor Mang &#8211; 2014. Rohelise puuhobuse aasta prognoosile inspiratsiooni kogumas<\/figcaption><\/figure>\n<p>&nbsp;<\/p>\n<p>_________________________<\/p>\n<p><strong>SPORT<\/strong><\/p>\n<figure id=\"attachment_2175\" aria-describedby=\"caption-attachment-2175\" style=\"width: 2800px\" class=\"wp-caption alignleft\"><a href=\"https:\/\/www.epfl.ee\/wordpress\/wp-content\/uploads\/2014\/01\/Hendrik-Osula-b8d1e6105887444ebd677ee3981ece7d-3d5bbd37dbac41b0ad26d5f182945fae.jpg\"><img loading=\"lazy\" decoding=\"async\" class=\"wp-image-2175 size-full\" src=\"https:\/\/www.epfl.ee\/wordpress\/wp-content\/uploads\/2014\/01\/Hendrik-Osula-b8d1e6105887444ebd677ee3981ece7d-3d5bbd37dbac41b0ad26d5f182945fae.jpg\" alt=\"Hendrik Osula b8d1e6105887444ebd677ee3981ece7d-3d5bbd37dbac41b0ad26d5f182945fae\" width=\"2800\" height=\"1867\" \/><\/a><figcaption id=\"caption-attachment-2175\" class=\"wp-caption-text\"><strong>HENDRIK OSULA (Delfi): \u00dche \u00f5nnetus on teise \u00f5nn<\/strong><br \/>Tartus toimunud 100m suusasprindi poolfinaal, kus t\u00e4nu soomlase \u00f5nnetusele sai Kein Einaste finaali.<\/figcaption><\/figure>\n<figure id=\"attachment_2176\" aria-describedby=\"caption-attachment-2176\" style=\"width: 4830px\" class=\"wp-caption alignleft\"><a href=\"https:\/\/www.epfl.ee\/wordpress\/wp-content\/uploads\/2014\/01\/Tairo-Lutter-0ac7748b5c7a4b998f029a3da18761f4-4992f572397d4577b7957a774076794d.jpg\"><img loading=\"lazy\" decoding=\"async\" class=\"wp-image-2176 size-full\" src=\"https:\/\/www.epfl.ee\/wordpress\/wp-content\/uploads\/2014\/01\/Tairo-Lutter-0ac7748b5c7a4b998f029a3da18761f4-4992f572397d4577b7957a774076794d.jpg\" alt=\"TALLINNA MV UJUMISES\" width=\"4830\" height=\"2777\" \/><\/a><figcaption id=\"caption-attachment-2176\" class=\"wp-caption-text\"><strong>TAIRO LUTTER (\u00d5htuleht): Start.<\/strong><br \/>Ralf Tributnsovi stardihetk.<\/figcaption><\/figure>\n<p>&nbsp;<\/p>\n<figure id=\"attachment_2178\" aria-describedby=\"caption-attachment-2178\" style=\"width: 3888px\" class=\"wp-caption alignnone\"><a href=\"https:\/\/www.epfl.ee\/wordpress\/wp-content\/uploads\/2014\/01\/4ffaeeda235c4ad7a4629ca9d20b1674.jpg\"><img loading=\"lazy\" decoding=\"async\" class=\"wp-image-2178 size-full\" src=\"https:\/\/www.epfl.ee\/wordpress\/wp-content\/uploads\/2014\/01\/4ffaeeda235c4ad7a4629ca9d20b1674.jpg\" alt=\"N\u00f5mme JK Kalju vs T\u00fcri Ganvix 5:0DMITRI KOTJUH, J\u00c4RVA TEATAJA\/SCANPIX\" width=\"3888\" height=\"2592\" \/><\/a><figcaption id=\"caption-attachment-2178\" class=\"wp-caption-text\"><strong>DMITRI KOTJUH (J\u00e4rva Teataja): fotoseeria &#8220;\u00dcks p\u00e4ev teise liiga jalgpalli v\u00f5istkonnaga&#8221;<\/strong><br \/>Eesti jalgpalli karikav\u00f5istluste veerandfinaal. T\u00fcri JK Ganvixi teekond Tallinnasse, kus m\u00e4ngiti 17. aprillil Sportland Arenal valitseva Eesti meistri N\u00f5mme JK Kalju vastu, kus kaotati 5 v\u00e4ravaga.<\/figcaption><\/figure>\n<figure id=\"attachment_2179\" aria-describedby=\"caption-attachment-2179\" style=\"width: 3888px\" class=\"wp-caption alignnone\"><a href=\"https:\/\/www.epfl.ee\/wordpress\/wp-content\/uploads\/2014\/01\/5c126fb59ff44f3bb8f1f41ff617d11a.jpg\"><img loading=\"lazy\" decoding=\"async\" class=\"wp-image-2179 size-full\" src=\"https:\/\/www.epfl.ee\/wordpress\/wp-content\/uploads\/2014\/01\/5c126fb59ff44f3bb8f1f41ff617d11a.jpg\" alt=\"N\u00f5mme JK Kalju vs T\u00fcri Ganvix 5:0DMITRI KOTJUH, J\u00c4RVA TEATAJA\/SCANPIX\" width=\"3888\" height=\"2592\" \/><\/a><figcaption id=\"caption-attachment-2179\" class=\"wp-caption-text\"><strong>DMITRI KOTJUH (J\u00e4rva Teataja): fotoseeria &#8220;\u00dcks p\u00e4ev teise liiga jalgpalli v\u00f5istkonnaga&#8221;<\/strong><br \/>Eesti jalgpalli karikav\u00f5istluste veerandfinaal. T\u00fcri JK Ganvixi teekond Tallinnasse, kus m\u00e4ngiti 17. aprillil Sportland Arenal valitseva Eesti meistri N\u00f5mme JK Kalju vastu, kus kaotati 5 v\u00e4ravaga.<\/figcaption><\/figure>\n<figure id=\"attachment_2184\" aria-describedby=\"caption-attachment-2184\" style=\"width: 4368px\" class=\"wp-caption alignleft\"><a href=\"https:\/\/www.epfl.ee\/wordpress\/wp-content\/uploads\/2014\/01\/a46585ba0b864775bdf2476c1a2d130d.jpg\"><img loading=\"lazy\" decoding=\"async\" class=\"wp-image-2184 size-full\" src=\"https:\/\/www.epfl.ee\/wordpress\/wp-content\/uploads\/2014\/01\/a46585ba0b864775bdf2476c1a2d130d.jpg\" alt=\"N\u00f5mme JK Kalju vs T\u00fcri Ganvix 5:0DMITRI KOTJUH, J\u00c4RVA TEATAJA\/SCANPIX\" width=\"4368\" height=\"2912\" \/><\/a><figcaption id=\"caption-attachment-2184\" class=\"wp-caption-text\"><strong>DMITRI KOTJUH (J\u00e4rva Teataja): fotoseeria &#8220;\u00dcks p\u00e4ev teise liiga jalgpalli v\u00f5istkonnaga&#8221;<\/strong><br \/>Eesti jalgpalli karikav\u00f5istluste veerandfinaal. T\u00fcri JK Ganvixi teekond Tallinnasse, kus m\u00e4ngiti 17. aprillil Sportland Arenal valitseva Eesti meistri N\u00f5mme JK Kalju vastu, kus kaotati 5 v\u00e4ravaga.<\/figcaption><\/figure>\n<figure id=\"attachment_2187\" aria-describedby=\"caption-attachment-2187\" style=\"width: 3888px\" class=\"wp-caption alignnone\"><a href=\"https:\/\/www.epfl.ee\/wordpress\/wp-content\/uploads\/2014\/01\/da14fd6ede5a4864aa6d9b5723054365.jpg\"><img loading=\"lazy\" decoding=\"async\" class=\"wp-image-2187 size-full\" src=\"https:\/\/www.epfl.ee\/wordpress\/wp-content\/uploads\/2014\/01\/da14fd6ede5a4864aa6d9b5723054365.jpg\" alt=\"da14fd6ede5a4864aa6d9b5723054365\" width=\"3888\" height=\"2592\" \/><\/a><figcaption id=\"caption-attachment-2187\" class=\"wp-caption-text\"><strong>DMITRI KOTJUH (J\u00e4rva Teataja): fotoseeria &#8220;\u00dcks p\u00e4ev teise liiga jalgpalli v\u00f5istkonnaga&#8221;<\/strong><br \/>Eesti jalgpalli karikav\u00f5istluste veerandfinaal. T\u00fcri JK Ganvixi teekond Tallinnasse, kus m\u00e4ngiti 17. aprillil Sportland Arenal valitseva Eesti meistri N\u00f5mme JK Kalju vastu, kus kaotati 5 v\u00e4ravaga.<\/figcaption><\/figure>\n<figure id=\"attachment_2185\" aria-describedby=\"caption-attachment-2185\" style=\"width: 4368px\" class=\"wp-caption alignnone\"><a href=\"https:\/\/www.epfl.ee\/wordpress\/wp-content\/uploads\/2014\/01\/ab2c56e2d6604a1a857e83acd9c46e84.jpg\"><img loading=\"lazy\" decoding=\"async\" class=\"wp-image-2185 size-full\" src=\"https:\/\/www.epfl.ee\/wordpress\/wp-content\/uploads\/2014\/01\/ab2c56e2d6604a1a857e83acd9c46e84.jpg\" alt=\"N\u00f5mme JK Kalju vs T\u00fcri Ganvix 5:0DMITRI KOTJUH, J\u00c4RVA TEATAJA\/SCANPIX\" width=\"4368\" height=\"2912\" \/><\/a><figcaption id=\"caption-attachment-2185\" class=\"wp-caption-text\"><strong>DMITRI KOTJUH (J\u00e4rva Teataja): fotoseeria &#8220;\u00dcks p\u00e4ev teise liiga jalgpalli v\u00f5istkonnaga&#8221;<\/strong><br \/>Eesti jalgpalli karikav\u00f5istluste veerandfinaal. T\u00fcri JK Ganvixi teekond Tallinnasse, kus m\u00e4ngiti 17. aprillil Sportland Arenal valitseva Eesti meistri N\u00f5mme JK Kalju vastu, kus kaotati 5 v\u00e4ravaga.<\/figcaption><\/figure>\n<figure id=\"attachment_2186\" aria-describedby=\"caption-attachment-2186\" style=\"width: 4368px\" class=\"wp-caption alignnone\"><a href=\"https:\/\/www.epfl.ee\/wordpress\/wp-content\/uploads\/2014\/01\/d78abd64f0be49ce88ac1d29e527d107.jpg\"><img loading=\"lazy\" decoding=\"async\" class=\"wp-image-2186 size-full\" src=\"https:\/\/www.epfl.ee\/wordpress\/wp-content\/uploads\/2014\/01\/d78abd64f0be49ce88ac1d29e527d107.jpg\" alt=\"N\u00f5mme JK Kalju vs T\u00fcri Ganvix 5:0DMITRI KOTJUH, J\u00c4RVA TEATAJA\/SCANPIX\" width=\"4368\" height=\"2912\" \/><\/a><figcaption id=\"caption-attachment-2186\" class=\"wp-caption-text\"><strong>DMITRI KOTJUH (J\u00e4rva Teataja): fotoseeria &#8220;\u00dcks p\u00e4ev teise liiga jalgpalli v\u00f5istkonnaga&#8221;<\/strong><br \/>Eesti jalgpalli karikav\u00f5istluste veerandfinaal. T\u00fcri JK Ganvixi teekond Tallinnasse, kus m\u00e4ngiti 17. aprillil Sportland Arenal valitseva Eesti meistri N\u00f5mme JK Kalju vastu, kus kaotati 5 v\u00e4ravaga.<\/figcaption><\/figure>\n<figure id=\"attachment_2182\" aria-describedby=\"caption-attachment-2182\" style=\"width: 3888px\" class=\"wp-caption alignnone\"><a href=\"https:\/\/www.epfl.ee\/wordpress\/wp-content\/uploads\/2014\/01\/2320ab4585f84619bee8f067a2cbbde3.jpg\"><img loading=\"lazy\" decoding=\"async\" class=\"wp-image-2182 size-full\" src=\"https:\/\/www.epfl.ee\/wordpress\/wp-content\/uploads\/2014\/01\/2320ab4585f84619bee8f067a2cbbde3.jpg\" alt=\"N\u00f5mme JK Kalju vs T\u00fcri Ganvix 5:0DMITRI KOTJUH, J\u00c4RVA TEATAJA\/SCANPIX\" width=\"3888\" height=\"2592\" \/><\/a><figcaption id=\"caption-attachment-2182\" class=\"wp-caption-text\"><strong>DMITRI KOTJUH (J\u00e4rva Teataja): fotoseeria &#8220;\u00dcks p\u00e4ev teise liiga jalgpalli v\u00f5istkonnaga&#8221;<\/strong><br \/>Eesti jalgpalli karikav\u00f5istluste veerandfinaal. T\u00fcri JK Ganvixi teekond Tallinnasse, kus m\u00e4ngiti 17. aprillil Sportland Arenal valitseva Eesti meistri N\u00f5mme JK Kalju vastu, kus kaotati 5 v\u00e4ravaga.<\/figcaption><\/figure>\n<figure id=\"attachment_2183\" aria-describedby=\"caption-attachment-2183\" style=\"width: 4368px\" class=\"wp-caption alignnone\"><a href=\"https:\/\/www.epfl.ee\/wordpress\/wp-content\/uploads\/2014\/01\/a06c8cbf4bf041dcadc2652c8eff5e69.jpg\"><img loading=\"lazy\" decoding=\"async\" class=\"wp-image-2183 size-full\" src=\"https:\/\/www.epfl.ee\/wordpress\/wp-content\/uploads\/2014\/01\/a06c8cbf4bf041dcadc2652c8eff5e69.jpg\" alt=\"N\u00f5mme JK Kalju vs T\u00fcri Ganvix 5:0DMITRI KOTJUH, J\u00c4RVA TEATAJA\/SCANPIX\" width=\"4368\" height=\"2912\" \/><\/a><figcaption id=\"caption-attachment-2183\" class=\"wp-caption-text\"><strong>DMITRI KOTJUH (J\u00e4rva Teataja): fotoseeria &#8220;\u00dcks p\u00e4ev teise liiga jalgpalli v\u00f5istkonnaga&#8221;<\/strong><br \/>Eesti jalgpalli karikav\u00f5istluste veerandfinaal. T\u00fcri JK Ganvixi teekond Tallinnasse, kus m\u00e4ngiti 17. aprillil Sportland Arenal valitseva Eesti meistri N\u00f5mme JK Kalju vastu, kus kaotati 5 v\u00e4ravaga.<\/figcaption><\/figure>\n<figure id=\"attachment_2181\" aria-describedby=\"caption-attachment-2181\" style=\"width: 3888px\" class=\"wp-caption alignnone\"><a href=\"https:\/\/www.epfl.ee\/wordpress\/wp-content\/uploads\/2014\/01\/0691bae94f6043fb913c312b1bdf3145.jpg\"><img loading=\"lazy\" decoding=\"async\" class=\"wp-image-2181 size-full\" src=\"https:\/\/www.epfl.ee\/wordpress\/wp-content\/uploads\/2014\/01\/0691bae94f6043fb913c312b1bdf3145.jpg\" alt=\"N\u00f5mme JK Kalju vs T\u00fcri Ganvix 5:0DMITRI KOTJUH, J\u00c4RVA TEATAJA\/SCANPIX\" width=\"3888\" height=\"2592\" \/><\/a><figcaption id=\"caption-attachment-2181\" class=\"wp-caption-text\"><strong>DMITRI KOTJUH (J\u00e4rva Teataja): fotoseeria &#8220;\u00dcks p\u00e4ev teise liiga jalgpalli v\u00f5istkonnaga&#8221;<\/strong><br \/>Eesti jalgpalli karikav\u00f5istluste veerandfinaal. T\u00fcri JK Ganvixi teekond Tallinnasse, kus m\u00e4ngiti 17. aprillil Sportland Arenal valitseva Eesti meistri N\u00f5mme JK Kalju vastu, kus kaotati 5 v\u00e4ravaga.<\/figcaption><\/figure>\n<figure id=\"attachment_2180\" aria-describedby=\"caption-attachment-2180\" style=\"width: 4368px\" class=\"wp-caption alignnone\"><a href=\"https:\/\/www.epfl.ee\/wordpress\/wp-content\/uploads\/2014\/01\/5cadcae75b2842baae4e68a79459701a.jpg\"><img loading=\"lazy\" decoding=\"async\" class=\"wp-image-2180 size-full\" src=\"https:\/\/www.epfl.ee\/wordpress\/wp-content\/uploads\/2014\/01\/5cadcae75b2842baae4e68a79459701a.jpg\" alt=\"N\u00f5mme JK Kalju vs T\u00fcri Ganvix 5:0DMITRI KOTJUH, J\u00c4RVA TEATAJA\/SCANPIX\" width=\"4368\" height=\"2912\" \/><\/a><figcaption id=\"caption-attachment-2180\" class=\"wp-caption-text\"><strong>DMITRI KOTJUH (J\u00e4rva Teataja): fotoseeria &#8220;\u00dcks p\u00e4ev teise liiga jalgpalli v\u00f5istkonnaga&#8221;<\/strong><br \/>Eesti jalgpalli karikav\u00f5istluste veerandfinaal. T\u00fcri JK Ganvixi teekond Tallinnasse, kus m\u00e4ngiti 17. aprillil Sportland Arenal valitseva Eesti meistri N\u00f5mme JK Kalju vastu, kus kaotati 5 v\u00e4ravaga.<\/figcaption><\/figure>\n<p>&nbsp;<\/p>\n<p>Kontaktid:<br \/>\n<strong>Konkursi \u201cAasta Pressifoto 2013\u2033 projektijuht<\/strong> Ester Vaitmaa, ester.vaitmaa@delfi.ee (56929928)<br \/>\n<strong>Eesti Ajalehtede Liit<\/strong>, Maige Pr\u00f6\u00f6m: 646 1005, eall@eall.ee<\/p>\n<p>&nbsp;<\/p>\n<p>&nbsp;<\/p>\n<p>&nbsp;<\/p>\n<p>&nbsp;<\/p>\n<p>&nbsp;<\/p>\n<p>&nbsp;<\/p>\n<p>&nbsp;<\/p>\n<p>&nbsp;<\/p>\n","protected":false},"excerpt":{"rendered":"<p>10. jaanuar 2014 Selgusid 2013. aasta parimad pressifotod.<\/p>\n","protected":false},"author":8,"featured_media":2056,"comment_status":"closed","ping_status":"open","sticky":false,"template":"","format":"standard","meta":{"_acf_changed":false,"_jetpack_memberships_contains_paid_content":false,"footnotes":""},"categories":[28,3],"tags":[],"aasta":[],"kategooria":[],"class_list":["post-2078","post","type-post","status-publish","format-standard","has-post-thumbnail","hentry","category-parimad-pressifotod","category-uudised"],"acf":[],"jetpack_featured_media_url":"https:\/\/www.epfl.ee\/wordpress\/wp-content\/uploads\/2013\/12\/aasta_pressifoto_2013_poster_canon_overall.jpg","jetpack_shortlink":"https:\/\/wp.me\/p3dWMc-xw","jetpack_sharing_enabled":true,"_links":{"self":[{"href":"https:\/\/www.epfl.ee\/wordpress\/wp-json\/wp\/v2\/posts\/2078","targetHints":{"allow":["GET"]}}],"collection":[{"href":"https:\/\/www.epfl.ee\/wordpress\/wp-json\/wp\/v2\/posts"}],"about":[{"href":"https:\/\/www.epfl.ee\/wordpress\/wp-json\/wp\/v2\/types\/post"}],"author":[{"embeddable":true,"href":"https:\/\/www.epfl.ee\/wordpress\/wp-json\/wp\/v2\/users\/8"}],"replies":[{"embeddable":true,"href":"https:\/\/www.epfl.ee\/wordpress\/wp-json\/wp\/v2\/comments?post=2078"}],"version-history":[{"count":67,"href":"https:\/\/www.epfl.ee\/wordpress\/wp-json\/wp\/v2\/posts\/2078\/revisions"}],"predecessor-version":[{"id":4158,"href":"https:\/\/www.epfl.ee\/wordpress\/wp-json\/wp\/v2\/posts\/2078\/revisions\/4158"}],"wp:featuredmedia":[{"embeddable":true,"href":"https:\/\/www.epfl.ee\/wordpress\/wp-json\/wp\/v2\/media\/2056"}],"wp:attachment":[{"href":"https:\/\/www.epfl.ee\/wordpress\/wp-json\/wp\/v2\/media?parent=2078"}],"wp:term":[{"taxonomy":"category","embeddable":true,"href":"https:\/\/www.epfl.ee\/wordpress\/wp-json\/wp\/v2\/categories?post=2078"},{"taxonomy":"post_tag","embeddable":true,"href":"https:\/\/www.epfl.ee\/wordpress\/wp-json\/wp\/v2\/tags?post=2078"},{"taxonomy":"aasta","embeddable":true,"href":"https:\/\/www.epfl.ee\/wordpress\/wp-json\/wp\/v2\/aasta?post=2078"},{"taxonomy":"kategooria","embeddable":true,"href":"https:\/\/www.epfl.ee\/wordpress\/wp-json\/wp\/v2\/kategooria?post=2078"}],"curies":[{"name":"wp","href":"https:\/\/api.w.org\/{rel}","templated":true}]}}